{"id":20862,"date":"2018-05-31T12:59:20","date_gmt":"2018-05-31T15:59:20","guid":{"rendered":"http:\/\/www.fhycs.unam.edu.ar\/portada\/?p=20862"},"modified":"2018-06-01T06:58:28","modified_gmt":"2018-06-01T09:58:28","slug":"invitan-a-jornada-a-100-anos-de-la-reforma-universitaria-en-la-fhycs","status":"publish","type":"post","link":"https:\/\/www.fhycs.unam.edu.ar\/portada\/invitan-a-jornada-a-100-anos-de-la-reforma-universitaria-en-la-fhycs\/","title":{"rendered":"Invitan a jornada &#8220;A 100 a\u00f1os de la Reforma Universitaria&#8221; en la FHyCS"},"content":{"rendered":"<div dir=\"auto\"><img loading=\"lazy\" class=\"size-medium wp-image-20863 alignleft\" src=\"https:\/\/www.fhycs.unam.edu.ar\/portada\/wp-content\/uploads\/2018\/05\/foto-RU-300x182.jpg\" alt=\"\" width=\"300\" height=\"182\" srcset=\"https:\/\/www.fhycs.unam.edu.ar\/portada\/wp-content\/uploads\/2018\/05\/foto-RU-300x182.jpg 300w, https:\/\/www.fhycs.unam.edu.ar\/portada\/wp-content\/uploads\/2018\/05\/foto-RU.jpg 465w\" sizes=\"(max-width: 300px) 100vw, 300px\" \/><\/div>\n<p style=\"text-align: justify;\">Con la presencia de destacados panalista, como la Dra. Silvana Mart\u00ednez; Lic.Diana Farias; Mgter Jorge Alcaraz y con la moderaci\u00f3n de Mgter Luc\u00eda Schvorer se realizar\u00e1 el Panel-debate: &#8220;A cien a\u00f1os de la Reforma Universitaria. Pensar la Universidad P\u00fablica&#8221;.<\/p>\n<blockquote>\n<h4 style=\"text-align: right;\"><!--more--><span style=\"color: #008080;\">Aula 5 y 6 del 4 piso Edificio Tucum\u00e1n.<\/span><\/h4>\n<h4 dir=\"auto\" style=\"text-align: right;\"><span style=\"color: #008080;\">Jueves 07 de junio de 18 a 21 horas.<\/span><\/h4>\n<p style=\"text-align: right;\"><a href=\"https:\/\/docs.google.com\/forms\/d\/e\/1FAIpQLScZJ6n2KGAGvCn972JY2uYAraDbdA0nTWdFyTSzJ6Olzr4C-w\/viewform?c=0&amp;w=1\">INSCRIPCI\u00d3N EN L\u00cdNEA<\/a><\/p>\n<\/blockquote>\n<div dir=\"auto\" style=\"text-align: justify;\">La actividad se enmarca en el proyecto de Extensi\u00f3n Espacio Cultural de la Memoria. Res. 095\/11 HCD. FHyCS. Habr\u00e1 entrega de certificados.<\/div>\n","protected":false},"excerpt":{"rendered":"<p>Con la presencia de destacados panalista, como la Dra. Silvana Mart\u00ednez; Lic.Diana Farias; Mgter Jorge Alcaraz y con la moderaci\u00f3n de Mgter Luc\u00eda Schvorer se realizar\u00e1 el Panel-debate: &#8220;A cien a\u00f1os de la Reforma Universitaria. Pensar la Universidad P\u00fablica&#8221;.<\/p>\n","protected":false},"author":10,"featured_media":20863,"comment_status":"open","ping_status":"closed","sticky":false,"template":"","format":"standard","meta":{"extendify_custom_stylesheet":""},"categories":[10],"tags":[3485],"_links":{"self":[{"href":"https:\/\/www.fhycs.unam.edu.ar\/portada\/wp-json\/wp\/v2\/posts\/20862"}],"collection":[{"href":"https:\/\/www.fhycs.unam.edu.ar\/portada\/wp-json\/wp\/v2\/posts"}],"about":[{"href":"https:\/\/www.fhycs.unam.edu.ar\/portada\/wp-json\/wp\/v2\/types\/post"}],"author":[{"embeddable":true,"href":"https:\/\/www.fhycs.unam.edu.ar\/portada\/wp-json\/wp\/v2\/users\/10"}],"replies":[{"embeddable":true,"href":"https:\/\/www.fhycs.unam.edu.ar\/portada\/wp-json\/wp\/v2\/comments?post=20862"}],"version-history":[{"count":2,"href":"https:\/\/www.fhycs.unam.edu.ar\/portada\/wp-json\/wp\/v2\/posts\/20862\/revisions"}],"predecessor-version":[{"id":20892,"href":"https:\/\/www.fhycs.unam.edu.ar\/portada\/wp-json\/wp\/v2\/posts\/20862\/revisions\/20892"}],"wp:featuredmedia":[{"embeddable":true,"href":"https:\/\/www.fhycs.unam.edu.ar\/portada\/wp-json\/wp\/v2\/media\/20863"}],"wp:attachment":[{"href":"https:\/\/www.fhycs.unam.edu.ar\/portada\/wp-json\/wp\/v2\/media?parent=20862"}],"wp:term":[{"taxonomy":"category","embeddable":true,"href":"https:\/\/www.fhycs.unam.edu.ar\/portada\/wp-json\/wp\/v2\/categories?post=20862"},{"taxonomy":"post_tag","embeddable":true,"href":"https:\/\/www.fhycs.unam.edu.ar\/portada\/wp-json\/wp\/v2\/tags?post=20862"}],"curies":[{"name":"wp","href":"https:\/\/api.w.org\/{rel}","templated":true}]}}