{"id":21354,"date":"2018-06-22T13:45:09","date_gmt":"2018-06-22T16:45:09","guid":{"rendered":"http:\/\/www.fhycs.unam.edu.ar\/portada\/?p=21354"},"modified":"2018-06-22T13:45:09","modified_gmt":"2018-06-22T16:45:09","slug":"marcelo-koenig-presentara-en-la-fhycs-su-libro-independencia-el-hecho-maldito-del-pais-colonial","status":"publish","type":"post","link":"https:\/\/www.fhycs.unam.edu.ar\/portada\/marcelo-koenig-presentara-en-la-fhycs-su-libro-independencia-el-hecho-maldito-del-pais-colonial\/","title":{"rendered":"Marcelo Koenig presentar\u00e1 en la FHyCS su libro \u201cIndependencia, el hecho maldito del pa\u00eds colonial\u201d"},"content":{"rendered":"<h4 style=\"text-align: justify;\"><img loading=\"lazy\" class=\"wp-image-21355 aligncenter\" src=\"https:\/\/www.fhycs.unam.edu.ar\/portada\/wp-content\/uploads\/2018\/06\/dest-300x209.jpg\" alt=\"\" width=\"571\" height=\"398\" srcset=\"https:\/\/www.fhycs.unam.edu.ar\/portada\/wp-content\/uploads\/2018\/06\/dest-300x209.jpg 300w, https:\/\/www.fhycs.unam.edu.ar\/portada\/wp-content\/uploads\/2018\/06\/dest.jpg 560w\" sizes=\"(max-width: 571px) 100vw, 571px\" \/>Se trata de un libro de historia, el cuarto libro de Marcelo Koenig, con incuestionable rigor cient\u00edfico y documental y llega para convertirse en una \u201chist\u00f3rica obra\u201d porque relata el proceso independentista de los pa\u00edses hispanoamericanos tal cual ocurri\u00f3 y desde la \u00f3ptica popular.<!--more--><\/h4>\n<blockquote>\n<h4 style=\"text-align: justify;\"><span style=\"color: #008080;\">Viernes 22 de Junio, a las 20:00, en el Aula Magna, de la Facultad de Humanidades y Ciencias Sociales de la UNaM.<\/span><\/h4>\n<\/blockquote>\n<p style=\"text-align: justify;\">El autor estar\u00e1 acompa\u00f1ado por el Rector de la Universidad Nacional de Misiones, Javier Gortari, la Diputada Nacional Cristina Br\u00edtez, la titular de la Agencia Universitaria de Posadas Mariela Dachari, la concejal Natalia Gim\u00e9nez, y el director de la Oficina Municipal de Empleo de Posadas y responsable de la Corriente Peronista Descamisados en Misiones, Jerem\u00edas Zarza.<\/p>\n<p style=\"text-align: justify;\">Estar\u00e1 acompa\u00f1ado por el Rector de la Universidad Nacional de Misiones, Javier Gortari, la Diputada Nacional Cristina Br\u00edtez, la titular de la Agencia Universitaria de Posadas Mariela Dachari, la concejal Natalia Gim\u00e9nez, y el director de la Oficina Municipal de Empleo de Posadas y responsable de la Corriente Peronista Descamisados en Misiones, Jerem\u00edas Zarza.<\/p>\n<p><img loading=\"lazy\" class=\"wp-image-21359 aligncenter\" src=\"https:\/\/www.fhycs.unam.edu.ar\/portada\/wp-content\/uploads\/2018\/06\/Marcelo-KOENIG_-FLYER-300x169.png\" alt=\"\" width=\"609\" height=\"343\" srcset=\"https:\/\/www.fhycs.unam.edu.ar\/portada\/wp-content\/uploads\/2018\/06\/Marcelo-KOENIG_-FLYER-300x169.png 300w, https:\/\/www.fhycs.unam.edu.ar\/portada\/wp-content\/uploads\/2018\/06\/Marcelo-KOENIG_-FLYER-768x432.png 768w, https:\/\/www.fhycs.unam.edu.ar\/portada\/wp-content\/uploads\/2018\/06\/Marcelo-KOENIG_-FLYER-1024x576.png 1024w, https:\/\/www.fhycs.unam.edu.ar\/portada\/wp-content\/uploads\/2018\/06\/Marcelo-KOENIG_-FLYER.png 1366w\" sizes=\"(max-width: 609px) 100vw, 609px\" \/><\/p>\n<h4 style=\"text-align: justify;\">Independencia, el hecho maldito del Pa\u00eds colonial<\/h4>\n<p style=\"text-align: justify;\">Se trata de un libro de historia, el cuarto libro de Marcelo Koenig, con incuestionable rigor cient\u00edfico y documental y llega para convertirse en una \u201chist\u00f3rica obra\u201d porque relata el proceso independentista de los pa\u00edses hispanoamericanos tal cual ocurri\u00f3 y desde la \u00f3ptica popular. El t\u00edtulo aparece como un juego sem\u00e1ntico que rememora la c\u00e9lebre frase de John Cooke cuando dijo que \u201cel peronismo es el hecho maldito del pa\u00eds burgu\u00e9s\u201d.<\/p>\n<p style=\"text-align: justify;\">Marcelo Koenig es militante peronista, dirigente de Descamisados, abogado, docente y responsable de las editoriales de la Revista Oveja Negra.<\/p>\n<p style=\"text-align: justify;\">Esta obra, que cuenta con pr\u00f3logo del eximio historiador Norberto Galasso, ofrece claridad para comprender los procesos independentistas de nuestros pueblos e invita a pensar sobre el futuro de nuestra Patria.<\/p>\n<p style=\"text-align: justify;\">Cuenta la historia verdadera, no la oficial que ense\u00f1a los procesos libertadores como hechos aislados: por un lado la independencia Argentina, por otro la de Chile y por el otro la de Venezuela, sino, como realmente fue; un \u00fanico proceso en el que patriotas de toda nuestra Hispanoam\u00e9rica enfrentaron al colonialismo, a los virreyes dirigidos por el Norte y a las burocracias que lucraban a expensas del pueblo.<\/p>\n<h4 style=\"text-align: justify;\">Para acercarte a la obra, las palabras del enorme historiador nacional, Norberto Galasso en su pr\u00f3logo:<\/h4>\n<blockquote><p><em>&#8220;Este libro de Marcelo Koenig es la prueba m\u00e1s contundente de que las \u00e9pocas de crisis generan las reflexiones m\u00e1s profundas y los ensayos m\u00e1s valiosos. El rigor cient\u00edfico y la enorme documentaci\u00f3n utilizada lo tornan insoslayable para quien quiera internarse desde una \u00f3ptica popular y latinoamericana en ese per\u00edodo hist\u00f3rico tan dif\u00edcil de nuestra revoluci\u00f3n democr\u00e1tica de Mayo convertida en independencia en 1816. Por esta raz\u00f3n, estas l\u00edneas no son un pr\u00f3logo m\u00e1s, escrito por amistad o por apremios de una editorial sino que se nutre de un enorme entusiasmo, de una gran satisfacci\u00f3n por convencerme de que estamos frente a un historiador en serio como pocos hay en la Argentina. Aqu\u00ed est\u00e1n las respuestas a tantas dudas e interrogantes acerca de ese per\u00edodo, sin esquivar a\u00fan las m\u00e1s dif\u00edciles, esas que los alumnos m\u00e1s atrevidos e inteligentes esgrimen para poner en apuros a los profesores: \u00bfQu\u00e9 relaci\u00f3n existe entre mayo del 10 y julio del 16? \u00bfPor qu\u00e9 volvi\u00f3 al R\u00edo de la Plata ese militar espa\u00f1ol de tez morena y hablar castizo que luego ser\u00eda uno de los Libertadores? \u00bfHab\u00edan abandonado sus ideales democr\u00e1ticos, tanto San Mart\u00edn como Belgrano, al proponer la monarqu\u00eda incaica? \u00bfCu\u00e1l era la verdadera relaci\u00f3n entre San Mart\u00edn y Bol\u00edvar? \u00bfSomos la Naci\u00f3n Argentina o la patria chica de la Naci\u00f3n Lati-noamericana fragmentada, cuyo destino ineludible es la Patria Grande, cuyos g\u00e9rmenes recuperados est\u00e1n en el UNASUR y la CELAC? Porque Marcelo Koenig salda las cuentas pendientes con el pasado con la certeza de los documentos irrebatibles pero tambi\u00e9n con el apasionamiento de quien lucha por alumbrar el futuro.<\/em><\/p>\n<p><em>Ya no quedan casi los historiadores que arg\u00fc\u00edan que se contamina a la Historia si se la vincula con la pol\u00edtica. Pero s\u00ed subsisten los historiadores \u201cdistra\u00eddos\u201d que no abordan los acontecimientos complejos de nuestro pasado. Aceptado el desaf\u00edo, Marcelo Koenig se define claramente sobre lo que ocurri\u00f3 (que es una manera de definirse sobre lo que va a ocurrir) y de ah\u00ed la riqueza de esta obra que va a ingresar en la pol\u00e9mica en los diversos niveles de la ense\u00f1anza y no lo podr\u00e1n excluir de las bibliograf\u00edas porque, como dec\u00eda Jau-retche, \u201cno se puede parar al viento con alambradas\u201d.<\/em><em><br \/>\nCelebro, pues, la aparici\u00f3n de este libro, como tambi\u00e9n lo celebrar\u00e1 el lector que est\u00e1 ansioso de verdad y de futuro.<\/em>&#8221;<\/p>\n<p><strong>Norberto Galasso\u00a0<\/strong><\/p><\/blockquote>\n<p>Fuentes:<\/p>\n<p>http:\/\/ovejanegramedios.com.ar\/<\/p>\n<blockquote class=\"wp-embedded-content\" data-secret=\"CfOoAH2tWn\"><p><a href=\"http:\/\/www.revistacodigos.com\/\">News<\/a><\/p><\/blockquote>\n<p><iframe class=\"wp-embedded-content\" sandbox=\"allow-scripts\" security=\"restricted\" style=\"position: absolute; clip: rect(1px, 1px, 1px, 1px);\" src=\"http:\/\/www.revistacodigos.com\/embed\/#?secret=CfOoAH2tWn\" data-secret=\"CfOoAH2tWn\" width=\"500\" height=\"282\" title=\"&#8220;News&#8221; &#8212; Revista C\u00f3digos\" frameborder=\"0\" marginwidth=\"0\" marginheight=\"0\" scrolling=\"no\"><\/iframe><\/p>\n<p>&nbsp;<\/p>\n","protected":false},"excerpt":{"rendered":"<p>Se trata de un libro de historia, el cuarto libro de Marcelo Koenig, con incuestionable rigor cient\u00edfico y documental y llega para convertirse en una \u201chist\u00f3rica obra\u201d porque relata el proceso independentista de los pa\u00edses hispanoamericanos tal cual ocurri\u00f3 y desde la \u00f3ptica popular.<\/p>\n","protected":false},"author":5,"featured_media":21355,"comment_status":"open","ping_status":"closed","sticky":false,"template":"","format":"standard","meta":{"extendify_custom_stylesheet":""},"categories":[10,1899],"tags":[7,3562,974,949,3561],"_links":{"self":[{"href":"https:\/\/www.fhycs.unam.edu.ar\/portada\/wp-json\/wp\/v2\/posts\/21354"}],"collection":[{"href":"https:\/\/www.fhycs.unam.edu.ar\/portada\/wp-json\/wp\/v2\/posts"}],"about":[{"href":"https:\/\/www.fhycs.unam.edu.ar\/portada\/wp-json\/wp\/v2\/types\/post"}],"author":[{"embeddable":true,"href":"https:\/\/www.fhycs.unam.edu.ar\/portada\/wp-json\/wp\/v2\/users\/5"}],"replies":[{"embeddable":true,"href":"https:\/\/www.fhycs.unam.edu.ar\/portada\/wp-json\/wp\/v2\/comments?post=21354"}],"version-history":[{"count":9,"href":"https:\/\/www.fhycs.unam.edu.ar\/portada\/wp-json\/wp\/v2\/posts\/21354\/revisions"}],"predecessor-version":[{"id":21365,"href":"https:\/\/www.fhycs.unam.edu.ar\/portada\/wp-json\/wp\/v2\/posts\/21354\/revisions\/21365"}],"wp:featuredmedia":[{"embeddable":true,"href":"https:\/\/www.fhycs.unam.edu.ar\/portada\/wp-json\/wp\/v2\/media\/21355"}],"wp:attachment":[{"href":"https:\/\/www.fhycs.unam.edu.ar\/portada\/wp-json\/wp\/v2\/media?parent=21354"}],"wp:term":[{"taxonomy":"category","embeddable":true,"href":"https:\/\/www.fhycs.unam.edu.ar\/portada\/wp-json\/wp\/v2\/categories?post=21354"},{"taxonomy":"post_tag","embeddable":true,"href":"https:\/\/www.fhycs.unam.edu.ar\/portada\/wp-json\/wp\/v2\/tags?post=21354"}],"curies":[{"name":"wp","href":"https:\/\/api.w.org\/{rel}","templated":true}]}}