{"id":21380,"date":"2018-06-28T09:26:40","date_gmt":"2018-06-28T12:26:40","guid":{"rendered":"http:\/\/www.fhycs.unam.edu.ar\/portada\/?p=21380"},"modified":"2018-06-28T09:26:40","modified_gmt":"2018-06-28T12:26:40","slug":"en-septiembre-se-realizara-el-encuentro-de-escuelas-de-bibliotecologia-y-ciencia-de-la-informacion-del-mercosur-en-asuncion","status":"publish","type":"post","link":"https:\/\/www.fhycs.unam.edu.ar\/portada\/en-septiembre-se-realizara-el-encuentro-de-escuelas-de-bibliotecologia-y-ciencia-de-la-informacion-del-mercosur-en-asuncion\/","title":{"rendered":"En septiembre se realizar\u00e1 el encuentro de Escuelas de Bibliotecolog\u00eda y Ciencia de la Informaci\u00f3n del MERCOSUR en Asunci\u00f3n"},"content":{"rendered":"<p><img loading=\"lazy\" class=\"size-medium wp-image-21381 alignleft\" src=\"https:\/\/www.fhycs.unam.edu.ar\/portada\/wp-content\/uploads\/2018\/06\/EBCIM_FPUNA-300x204.png\" alt=\"\" width=\"300\" height=\"204\" srcset=\"https:\/\/www.fhycs.unam.edu.ar\/portada\/wp-content\/uploads\/2018\/06\/EBCIM_FPUNA-300x204.png 300w, https:\/\/www.fhycs.unam.edu.ar\/portada\/wp-content\/uploads\/2018\/06\/EBCIM_FPUNA-768x522.png 768w, https:\/\/www.fhycs.unam.edu.ar\/portada\/wp-content\/uploads\/2018\/06\/EBCIM_FPUNA-1024x696.png 1024w\" sizes=\"(max-width: 300px) 100vw, 300px\" \/><\/p>\n<p style=\"text-align: justify;\"><strong>EBCIM <\/strong>es el Encuentro de Directores y de Docentes de Escuelas de Bibliotecolog\u00eda y Ciencia de la Informaci\u00f3n del Mercosur, se realiza cada dos a\u00f1os y en 2018 se llevar\u00e1 a cabo en Asunci\u00f3n, Paraguay, el XII encuentro de directores y XI encuentro de docentes entre el 25 y 27 de septiembre en el Campus San Lorenzo de la Universidad Nacional de Asunci\u00f3n, en la Facultad Polit\u00e9cnica. El tema principal de este a\u00f1o es &#8220;<em>Internacionalizaci\u00f3n y Movilidad en Ciencias de la Informaci\u00f3n<\/em>&#8220;.<!--more--><\/p>\n<blockquote>\n<h4 style=\"text-align: right;\"><span style=\"color: #008080;\"><strong>Links<\/strong><\/span><\/h4>\n<h4 style=\"text-align: right;\"><span style=\"color: #0000ff;\"><a style=\"color: #0000ff;\" href=\"https:\/\/sites.google.com\/view\/encuentroebcim2018py\/ebcim\">Sitio del encuentro<\/a><\/span><\/h4>\n<h4 style=\"text-align: right;\"><span style=\"color: #0000ff;\"><a style=\"color: #0000ff;\" href=\"http:\/\/revistascientificas.filo.uba.ar\/index.php\/ICS\/article\/view\/3553\/3280\">Relator\u00eda encuentro 2016<\/a><\/span><\/h4>\n<\/blockquote>\n<p style=\"text-align: justify;\"><strong>OBJETIVOS<\/strong><\/p>\n<ul style=\"text-align: justify;\">\n<li>Definir las competencias pedag\u00f3gicas actuales.<\/li>\n<li>Establecer mecanismos de cooperaci\u00f3n para la investigaci\u00f3n, extensi\u00f3n, gesti\u00f3n y ense\u00f1anza.<\/li>\n<\/ul>\n<p style=\"text-align: justify;\"><strong>EJES TEM\u00c1TICOS<\/strong><\/p>\n<ul style=\"text-align: justify;\">\n<li style=\"list-style-type: none;\">\n<ul>\n<li>Competencias pedag\u00f3gicas ante los nuevos escenarios.<\/li>\n<li>Cooperaci\u00f3n y colaboraci\u00f3n: investigaci\u00f3n, extensi\u00f3n, gesti\u00f3n y ense\u00f1anza.<\/li>\n<\/ul>\n<\/li>\n<\/ul>\n<p style=\"text-align: justify;\">La UNaM, a trav\u00e9s del Departamento de Bibliotecolog\u00eda, ha tenido siempre una destacada participaci\u00f3n en estos encuentros. En 2016 fue, junto a la Universidad Nacional de Mar del Plata, quien present\u00f3 el Informe Pa\u00eds Argentina en la Universidad Federal de Minas Gerais, Belo Horizonte. Adem\u00e1s, Mirta Miranda (por entonces, directora del departamento) fue la responsable de la redacci\u00f3n de la relator\u00eda del encuentro publicada en el N\u00ba 36 de la Revista <strong>Informaci\u00f3n, cultura y sociedad<\/strong> de la Universidad de Buenos Aires en 2017.<\/p>\n","protected":false},"excerpt":{"rendered":"<p>EBCIM es el Encuentro de Directores y de Docentes de Escuelas de Bibliotecolog\u00eda y Ciencia de la Informaci\u00f3n del Mercosur, se realiza cada dos a\u00f1os y en 2018 se llevar\u00e1 a cabo en Asunci\u00f3n, Paraguay, el XII encuentro de directores y XI encuentro de docentes entre el 25 y 27 de septiembre en el Campus [&hellip;]<\/p>\n","protected":false},"author":10,"featured_media":21381,"comment_status":"open","ping_status":"closed","sticky":false,"template":"","format":"standard","meta":{"extendify_custom_stylesheet":""},"categories":[10,73],"tags":[3576,3575],"_links":{"self":[{"href":"https:\/\/www.fhycs.unam.edu.ar\/portada\/wp-json\/wp\/v2\/posts\/21380"}],"collection":[{"href":"https:\/\/www.fhycs.unam.edu.ar\/portada\/wp-json\/wp\/v2\/posts"}],"about":[{"href":"https:\/\/www.fhycs.unam.edu.ar\/portada\/wp-json\/wp\/v2\/types\/post"}],"author":[{"embeddable":true,"href":"https:\/\/www.fhycs.unam.edu.ar\/portada\/wp-json\/wp\/v2\/users\/10"}],"replies":[{"embeddable":true,"href":"https:\/\/www.fhycs.unam.edu.ar\/portada\/wp-json\/wp\/v2\/comments?post=21380"}],"version-history":[{"count":1,"href":"https:\/\/www.fhycs.unam.edu.ar\/portada\/wp-json\/wp\/v2\/posts\/21380\/revisions"}],"predecessor-version":[{"id":21382,"href":"https:\/\/www.fhycs.unam.edu.ar\/portada\/wp-json\/wp\/v2\/posts\/21380\/revisions\/21382"}],"wp:featuredmedia":[{"embeddable":true,"href":"https:\/\/www.fhycs.unam.edu.ar\/portada\/wp-json\/wp\/v2\/media\/21381"}],"wp:attachment":[{"href":"https:\/\/www.fhycs.unam.edu.ar\/portada\/wp-json\/wp\/v2\/media?parent=21380"}],"wp:term":[{"taxonomy":"category","embeddable":true,"href":"https:\/\/www.fhycs.unam.edu.ar\/portada\/wp-json\/wp\/v2\/categories?post=21380"},{"taxonomy":"post_tag","embeddable":true,"href":"https:\/\/www.fhycs.unam.edu.ar\/portada\/wp-json\/wp\/v2\/tags?post=21380"}],"curies":[{"name":"wp","href":"https:\/\/api.w.org\/{rel}","templated":true}]}}