{"id":21383,"date":"2018-06-28T11:29:33","date_gmt":"2018-06-28T14:29:33","guid":{"rendered":"http:\/\/www.fhycs.unam.edu.ar\/portada\/?p=21383"},"modified":"2018-06-28T11:29:33","modified_gmt":"2018-06-28T14:29:33","slug":"fe-de-errata-y-disculpas-publicas-a-la-sra-marcela-sabio-desde-la-fhycs","status":"publish","type":"post","link":"https:\/\/www.fhycs.unam.edu.ar\/portada\/fe-de-errata-y-disculpas-publicas-a-la-sra-marcela-sabio-desde-la-fhycs\/","title":{"rendered":"Fe de errata y disculpas p\u00fablicas  a la Sra. Marcela Sabio desde la FHyCS"},"content":{"rendered":"<p><img loading=\"lazy\" class=\"size-medium wp-image-16706 alignleft\" src=\"https:\/\/www.fhycs.unam.edu.ar\/portada\/wp-content\/uploads\/2017\/09\/FOTO-DESTACADA_FHYCS_1-300x171.jpg\" alt=\"\" width=\"300\" height=\"171\" srcset=\"https:\/\/www.fhycs.unam.edu.ar\/portada\/wp-content\/uploads\/2017\/09\/FOTO-DESTACADA_FHYCS_1-300x171.jpg 300w, https:\/\/www.fhycs.unam.edu.ar\/portada\/wp-content\/uploads\/2017\/09\/FOTO-DESTACADA_FHYCS_1.jpg 700w\" sizes=\"(max-width: 300px) 100vw, 300px\" \/><\/p>\n<p style=\"text-align: justify;\">La Facultad de Humanidades y Ciencias Sociales, de la Universidad Nacional de Misiones le solicita por este medio SINCERAS Y EXPRESAS DISCULPAS a la Sra. Marcela Sabio, <em>compositora, actriz, y narradora oral esc\u00e9nica, graduada en la Universidad Nacional del Litoral, con post grados en Proyectaci\u00f3n Arquitect\u00f3nica y Puesta Esc\u00e9nica, en Regisseur<\/em>, por la UTILIZACI\u00d3N INDEBIDA DE SU IMAGEN.<!--more--><\/p>\n<p style=\"text-align: justify;\">Dicha imagen fue utilizada para la promoci\u00f3n de una Diplomatura Superior, de esta unidad acad\u00e9mica, por error y sin menci\u00f3n a su nombre se incluy\u00f3 una fotograf\u00eda de la Sra. Marcela Sabio, siendo que A MISMA NO POSEE RELACI\u00d3N CON EL DICTADO O PARTICIPACI\u00d3N DE LA DIPLOMATURA publicitada.<\/p>\n<p style=\"text-align: justify;\">Dejando aclarado de esta manera que la Sra. Marcela Sabio no tiene ninguna relaci\u00f3n con la diplomatura en cuesti\u00f3n, motivo por el cual volvemos a pedir las m\u00e1s sinceras disculpas.<\/p>\n<p>&nbsp;<\/p>\n<p>&nbsp;<\/p>\n","protected":false},"excerpt":{"rendered":"<p>La Facultad de Humanidades y Ciencias Sociales, de la Universidad Nacional de Misiones le solicita por este medio SINCERAS Y EXPRESAS DISCULPAS a la Sra. Marcela Sabio, compositora, actriz, y narradora oral esc\u00e9nica, graduada en la Universidad Nacional del Litoral, con post grados en Proyectaci\u00f3n Arquitect\u00f3nica y Puesta Esc\u00e9nica, en Regisseur, por la UTILIZACI\u00d3N INDEBIDA [&hellip;]<\/p>\n","protected":false},"author":10,"featured_media":16706,"comment_status":"open","ping_status":"closed","sticky":false,"template":"","format":"standard","meta":{"extendify_custom_stylesheet":""},"categories":[1],"tags":[3577,5],"_links":{"self":[{"href":"https:\/\/www.fhycs.unam.edu.ar\/portada\/wp-json\/wp\/v2\/posts\/21383"}],"collection":[{"href":"https:\/\/www.fhycs.unam.edu.ar\/portada\/wp-json\/wp\/v2\/posts"}],"about":[{"href":"https:\/\/www.fhycs.unam.edu.ar\/portada\/wp-json\/wp\/v2\/types\/post"}],"author":[{"embeddable":true,"href":"https:\/\/www.fhycs.unam.edu.ar\/portada\/wp-json\/wp\/v2\/users\/10"}],"replies":[{"embeddable":true,"href":"https:\/\/www.fhycs.unam.edu.ar\/portada\/wp-json\/wp\/v2\/comments?post=21383"}],"version-history":[{"count":1,"href":"https:\/\/www.fhycs.unam.edu.ar\/portada\/wp-json\/wp\/v2\/posts\/21383\/revisions"}],"predecessor-version":[{"id":21384,"href":"https:\/\/www.fhycs.unam.edu.ar\/portada\/wp-json\/wp\/v2\/posts\/21383\/revisions\/21384"}],"wp:featuredmedia":[{"embeddable":true,"href":"https:\/\/www.fhycs.unam.edu.ar\/portada\/wp-json\/wp\/v2\/media\/16706"}],"wp:attachment":[{"href":"https:\/\/www.fhycs.unam.edu.ar\/portada\/wp-json\/wp\/v2\/media?parent=21383"}],"wp:term":[{"taxonomy":"category","embeddable":true,"href":"https:\/\/www.fhycs.unam.edu.ar\/portada\/wp-json\/wp\/v2\/categories?post=21383"},{"taxonomy":"post_tag","embeddable":true,"href":"https:\/\/www.fhycs.unam.edu.ar\/portada\/wp-json\/wp\/v2\/tags?post=21383"}],"curies":[{"name":"wp","href":"https:\/\/api.w.org\/{rel}","templated":true}]}}