{"id":21471,"date":"2018-07-03T14:08:43","date_gmt":"2018-07-03T17:08:43","guid":{"rendered":"http:\/\/www.fhycs.unam.edu.ar\/portada\/?p=21471"},"modified":"2018-07-04T13:14:04","modified_gmt":"2018-07-04T16:14:04","slug":"taller-de-manejo-ecologico-de-plagas-y-enfermedades-en-la-fhycs","status":"publish","type":"post","link":"https:\/\/www.fhycs.unam.edu.ar\/portada\/taller-de-manejo-ecologico-de-plagas-y-enfermedades-en-la-fhycs\/","title":{"rendered":"Taller de Manejo Ecol\u00f3gico de Plagas y Enfermedades en la FHyCS"},"content":{"rendered":"<p style=\"text-align: justify;\"><img loading=\"lazy\" class=\"wp-image-21473 aligncenter\" src=\"https:\/\/www.fhycs.unam.edu.ar\/portada\/wp-content\/uploads\/2018\/07\/pau-300x259.jpeg\" alt=\"\" width=\"578\" height=\"499\" srcset=\"https:\/\/www.fhycs.unam.edu.ar\/portada\/wp-content\/uploads\/2018\/07\/pau-300x259.jpeg 300w, https:\/\/www.fhycs.unam.edu.ar\/portada\/wp-content\/uploads\/2018\/07\/pau-768x663.jpeg 768w, https:\/\/www.fhycs.unam.edu.ar\/portada\/wp-content\/uploads\/2018\/07\/pau-1024x884.jpeg 1024w, https:\/\/www.fhycs.unam.edu.ar\/portada\/wp-content\/uploads\/2018\/07\/pau.jpeg 1280w\" sizes=\"(max-width: 578px) 100vw, 578px\" \/>El curso es te\u00f3rico y gratuito, dirigido a todo p\u00fablico y sus inscripciones est\u00e1n abiertas hasta el mismo d\u00eda del curso inclusive. El facilitador del encuentro ser\u00e1 el Ing. Agr. Milton Ros\u00e9s.<!--more--><\/p>\n<blockquote>\n<h4 style=\"text-align: justify;\"><span style=\"color: #008080;\">El encuentro ser\u00e1 el mi\u00e9rcoles 11 de julio 18.00 hs. en el SUM de la Facultad de Humanidades y Ciencias Sociales de la UNaM (Col\u00f3n 2368 1er piso, entre Tucum\u00e1n y Salta).<\/span><\/h4>\n<\/blockquote>\n<p style=\"text-align: justify;\">Es Organizado en el marco del <strong>Programa de Agroecolog\u00eda Urbana (PAU)<\/strong> perteneciente a la Subsecretar\u00eda de Desarrollo Productivo de la <strong>Secretar\u00eda de Estado de Agricultura Familiar<\/strong> de la Provincia de Misiones.<\/p>\n<p style=\"text-align: justify;\">El objetivo principal de dicho taller es detallar las diferentes formas de combatir plagas y enfermedades como as\u00ed tambi\u00e9n orientar acerca de las herramientas que se pueden utilizar a la hora de proteger las huertas.<\/p>\n<h4 style=\"text-align: justify;\">Se abordar\u00e1n los siguientes temas:<\/h4>\n<ul style=\"text-align: justify;\">\n<li>Control Natural<\/li>\n<\/ul>\n<ul style=\"text-align: justify;\">\n<li>Control F\u00edsico (Trampas Crom\u00e1ticas)<\/li>\n<\/ul>\n<ul style=\"text-align: justify;\">\n<li>Control Biol\u00f3gico<\/li>\n<\/ul>\n<ul style=\"text-align: justify;\">\n<li>Control Manual<\/li>\n<\/ul>\n<ul style=\"text-align: justify;\">\n<li>Control Cultural<\/li>\n<\/ul>\n<ul style=\"text-align: justify;\">\n<li>Control Qu\u00edmico\/ Biopreparados<\/li>\n<\/ul>\n<blockquote>\n<p style=\"text-align: justify;\">Contacto: 3764608914<\/p>\n<p style=\"text-align: justify;\">certificacionparticipativa@misiones.gov.ar<\/p>\n<\/blockquote>\n","protected":false},"excerpt":{"rendered":"<p>El curso es te\u00f3rico y gratuito, dirigido a todo p\u00fablico y sus inscripciones est\u00e1n abiertas hasta el mismo d\u00eda del curso inclusive. El facilitador del encuentro ser\u00e1 el Ing. Agr. Milton Ros\u00e9s.<\/p>\n","protected":false},"author":5,"featured_media":21473,"comment_status":"open","ping_status":"closed","sticky":false,"template":"","format":"standard","meta":{"extendify_custom_stylesheet":""},"categories":[10,2,950],"tags":[131,3590,3347],"_links":{"self":[{"href":"https:\/\/www.fhycs.unam.edu.ar\/portada\/wp-json\/wp\/v2\/posts\/21471"}],"collection":[{"href":"https:\/\/www.fhycs.unam.edu.ar\/portada\/wp-json\/wp\/v2\/posts"}],"about":[{"href":"https:\/\/www.fhycs.unam.edu.ar\/portada\/wp-json\/wp\/v2\/types\/post"}],"author":[{"embeddable":true,"href":"https:\/\/www.fhycs.unam.edu.ar\/portada\/wp-json\/wp\/v2\/users\/5"}],"replies":[{"embeddable":true,"href":"https:\/\/www.fhycs.unam.edu.ar\/portada\/wp-json\/wp\/v2\/comments?post=21471"}],"version-history":[{"count":4,"href":"https:\/\/www.fhycs.unam.edu.ar\/portada\/wp-json\/wp\/v2\/posts\/21471\/revisions"}],"predecessor-version":[{"id":21515,"href":"https:\/\/www.fhycs.unam.edu.ar\/portada\/wp-json\/wp\/v2\/posts\/21471\/revisions\/21515"}],"wp:featuredmedia":[{"embeddable":true,"href":"https:\/\/www.fhycs.unam.edu.ar\/portada\/wp-json\/wp\/v2\/media\/21473"}],"wp:attachment":[{"href":"https:\/\/www.fhycs.unam.edu.ar\/portada\/wp-json\/wp\/v2\/media?parent=21471"}],"wp:term":[{"taxonomy":"category","embeddable":true,"href":"https:\/\/www.fhycs.unam.edu.ar\/portada\/wp-json\/wp\/v2\/categories?post=21471"},{"taxonomy":"post_tag","embeddable":true,"href":"https:\/\/www.fhycs.unam.edu.ar\/portada\/wp-json\/wp\/v2\/tags?post=21471"}],"curies":[{"name":"wp","href":"https:\/\/api.w.org\/{rel}","templated":true}]}}