{"id":22840,"date":"2018-09-26T18:44:10","date_gmt":"2018-09-26T21:44:10","guid":{"rendered":"http:\/\/www.fhycs.unam.edu.ar\/portada\/?p=22840"},"modified":"2018-09-26T19:16:42","modified_gmt":"2018-09-26T22:16:42","slug":"abrieron-las-inscripciones-al-rally-latinoamericano-de-innovacion-2018","status":"publish","type":"post","link":"https:\/\/www.fhycs.unam.edu.ar\/portada\/abrieron-las-inscripciones-al-rally-latinoamericano-de-innovacion-2018\/","title":{"rendered":"Abrieron las inscripciones al Rally Latinoamericano de Innovaci\u00f3n 2018"},"content":{"rendered":"<p style=\"text-align: justify;\"><img loading=\"lazy\" class=\"alignleft wp-image-22853\" src=\"https:\/\/www.fhycs.unam.edu.ar\/portada\/wp-content\/uploads\/2018\/09\/Grupo-Dinamita-1024x576-300x169.png\" alt=\"\" width=\"600\" height=\"338\" srcset=\"https:\/\/www.fhycs.unam.edu.ar\/portada\/wp-content\/uploads\/2018\/09\/Grupo-Dinamita-1024x576-300x169.png 300w, https:\/\/www.fhycs.unam.edu.ar\/portada\/wp-content\/uploads\/2018\/09\/Grupo-Dinamita-1024x576-768x432.png 768w, https:\/\/www.fhycs.unam.edu.ar\/portada\/wp-content\/uploads\/2018\/09\/Grupo-Dinamita-1024x576.png 1024w\" sizes=\"(max-width: 600px) 100vw, 600px\" \/>El Rally consiste en 28 horas corridas de innovaci\u00f3n, se caracteriza por el trabajo en equipo. Podr\u00e1n participar estudiantes de todas las carreras de la UNaM, instituciones terciarias y de los dos \u00faltimos a\u00f1os de Escuelas T\u00e9cnicas. Esta ser\u00e1 la tercera vez consecutiva que se realiza en esta sede.<!--more--><\/p>\n<blockquote>\n<h4 style=\"text-align: justify;\"><span style=\"color: #008080;\">Las 28 horas seguidas ser\u00e1s el 5 y 6 de octubre, comenzar\u00e1 el viernes 5 a las 12 horas y culminar\u00e1 el viernes 6 a las 16 horas. En el M\u00f3dulo Campus de la FCEQyN, en Miguel Lan\u00fas.<\/span><\/h4>\n<\/blockquote>\n<p style=\"text-align: justify;\">La actividad gratuita, y a partir del mi\u00e9rcoles 26 de septiembre podr\u00e1n inscribirse los interesados en participar del <a href=\"http:\/\/www.rallydeinnovacion.org\/\" target=\"_blank\" rel=\"noopener\"><strong>Rally Latinoamericano de Innovaci\u00f3n<\/strong> <\/a>sede Posadas, Facultad de Ciencias Exactas, Qu\u00edmicas y Naturales de la Universidad Nacional de Misiones.<\/p>\n<p style=\"text-align: justify;\">La inscripci\u00f3n es individual y se tramita en la web <a href=\"http:\/\/www.rallydeinnovacion.org\">www.rallydeinnovacion.org<\/a>. Seguidamente, enviar correo a extensionexactas@fceqyn.unam.edu.ar para recibir informaci\u00f3n y materiales sobre la actividad.<\/p>\n<h4><span style=\"text-align: justify;\">Trabajo en equipo<\/span><\/h4>\n<p style=\"text-align: justify;\">En grupos interdisciplinarios que se conformar\u00e1n al iniciar la competencia (de 4 a 10 integrantes), deber\u00e1n dar respuestas creativas a desaf\u00edos\/problemas reales propuestos en ese mismo momento por los organizadores.<\/p>\n<p style=\"text-align: justify;\">Los problemas no se limitan \u00fanicamente al \u00e1mbito tecnol\u00f3gico y pueden ser de varios sectores de actividades o temas sociales, ambientales, organizacionales, art\u00edsticos, log\u00edsticos o de otro tipo.<\/p>\n<p style=\"text-align: justify;\"><code><iframe loading=\"lazy\" src=\"https:\/\/archive.org\/embed\/VideoRally2018\" width=\"600\" height=\"400\" frameborder=\"0\" allowfullscreen=\"allowfullscreen\"><span data-mce-type=\"bookmark\" style=\"display: inline-block; width: 0px; overflow: hidden; line-height: 0;\" class=\"mce_SELRES_start\">\ufeff<\/span><\/iframe><\/code><\/p>\n<h4 style=\"text-align: justify;\">Un lienzo de negocios y un video<\/h4>\n<p style=\"text-align: justify;\">La soluci\u00f3n a la que se arribe ser\u00e1 presentada mediante un video de hasta 3 minutos y un reporte pautado (que incluye un an\u00e1lisis v\u00eda CANVAS) que deber\u00e1 dar cuenta de la potencial sustentabilidad e impacto social de la propuesta.<\/p>\n<p style=\"text-align: justify;\">El s\u00e1bado 6 se conocer\u00e1n los ganadores de la sede. Ser\u00e1n evaluados desde las 16 horas y hasta las 18 horas por un jurado integrado por docentes y no docentes de la FCEQyN.<\/p>\n<p style=\"text-align: justify;\">Los ganadores ser\u00e1n presentados a nivel nacional donde competir\u00e1n con los ganadores de las otras 50 sedes de la Argentina. A las 21.00 se definir\u00e1n a los ganadores a nivel nacional.<\/p>\n<p style=\"text-align: justify;\">Organizadores<\/p>\n<p style=\"text-align: justify;\">El Rally es organizado por el Centro de Innovaci\u00f3n en Ingenier\u00eda, el Consejo Federal de Decanos de Ingenier\u00eda (CONFEDI) y la Asociaci\u00f3n Nacional de Facultades y Escuelas de Ingenier\u00eda (ANFEI).<\/p>\n<p style=\"text-align: justify;\">La organizaci\u00f3n local est\u00e1 a cargo de la Secretar\u00eda de Extensi\u00f3n de la FCEQyN, Secretar\u00eda de Bienestar Estudiantil de la FCEQyN y la Coordinaci\u00f3n de la carrera de Ingenier\u00eda Qu\u00edmica de la FCEQyN.<\/p>\n<h4><a href=\"http:\/\/www.rallydeinnovacion.org\/wp-content\/uploads\/2018\/06\/BASES-RALLY-LATINOAMERICANO-2018.pdf\" target=\"_blank\" rel=\"noopener\"><strong>Bases y condiciones<\/strong><\/a><\/h4>\n<p><img loading=\"lazy\" class=\"alignleft wp-image-22849\" style=\"text-align: justify;\" src=\"https:\/\/www.fhycs.unam.edu.ar\/portada\/wp-content\/uploads\/2018\/09\/RALLY-INNOVACI\u00d3N-copia1-212x300.jpg\" alt=\"\" width=\"600\" height=\"849\" srcset=\"https:\/\/www.fhycs.unam.edu.ar\/portada\/wp-content\/uploads\/2018\/09\/RALLY-INNOVACI\u00d3N-copia1-212x300.jpg 212w, https:\/\/www.fhycs.unam.edu.ar\/portada\/wp-content\/uploads\/2018\/09\/RALLY-INNOVACI\u00d3N-copia1-768x1086.jpg 768w, https:\/\/www.fhycs.unam.edu.ar\/portada\/wp-content\/uploads\/2018\/09\/RALLY-INNOVACI\u00d3N-copia1-724x1024.jpg 724w, https:\/\/www.fhycs.unam.edu.ar\/portada\/wp-content\/uploads\/2018\/09\/RALLY-INNOVACI\u00d3N-copia1.jpg 1000w\" sizes=\"(max-width: 600px) 100vw, 600px\" \/><\/p>\n<p>&nbsp;<\/p>\n","protected":false},"excerpt":{"rendered":"<p>El Rally consiste en 28 horas corridas de innovaci\u00f3n, se caracteriza por el trabajo en equipo. Podr\u00e1n participar estudiantes de todas las carreras de la UNaM, instituciones terciarias y de los dos \u00faltimos a\u00f1os de Escuelas T\u00e9cnicas. Esta ser\u00e1 la tercera vez consecutiva que se realiza en esta sede.<\/p>\n","protected":false},"author":5,"featured_media":22855,"comment_status":"open","ping_status":"closed","sticky":false,"template":"","format":"standard","meta":{"extendify_custom_stylesheet":""},"categories":[2],"tags":[3774,3772,3773,3771,5,3770],"_links":{"self":[{"href":"https:\/\/www.fhycs.unam.edu.ar\/portada\/wp-json\/wp\/v2\/posts\/22840"}],"collection":[{"href":"https:\/\/www.fhycs.unam.edu.ar\/portada\/wp-json\/wp\/v2\/posts"}],"about":[{"href":"https:\/\/www.fhycs.unam.edu.ar\/portada\/wp-json\/wp\/v2\/types\/post"}],"author":[{"embeddable":true,"href":"https:\/\/www.fhycs.unam.edu.ar\/portada\/wp-json\/wp\/v2\/users\/5"}],"replies":[{"embeddable":true,"href":"https:\/\/www.fhycs.unam.edu.ar\/portada\/wp-json\/wp\/v2\/comments?post=22840"}],"version-history":[{"count":8,"href":"https:\/\/www.fhycs.unam.edu.ar\/portada\/wp-json\/wp\/v2\/posts\/22840\/revisions"}],"predecessor-version":[{"id":22854,"href":"https:\/\/www.fhycs.unam.edu.ar\/portada\/wp-json\/wp\/v2\/posts\/22840\/revisions\/22854"}],"wp:featuredmedia":[{"embeddable":true,"href":"https:\/\/www.fhycs.unam.edu.ar\/portada\/wp-json\/wp\/v2\/media\/22855"}],"wp:attachment":[{"href":"https:\/\/www.fhycs.unam.edu.ar\/portada\/wp-json\/wp\/v2\/media?parent=22840"}],"wp:term":[{"taxonomy":"category","embeddable":true,"href":"https:\/\/www.fhycs.unam.edu.ar\/portada\/wp-json\/wp\/v2\/categories?post=22840"},{"taxonomy":"post_tag","embeddable":true,"href":"https:\/\/www.fhycs.unam.edu.ar\/portada\/wp-json\/wp\/v2\/tags?post=22840"}],"curies":[{"name":"wp","href":"https:\/\/api.w.org\/{rel}","templated":true}]}}