{"id":22882,"date":"2018-09-27T19:54:49","date_gmt":"2018-09-27T22:54:49","guid":{"rendered":"http:\/\/www.fhycs.unam.edu.ar\/portada\/?p=22882"},"modified":"2018-09-27T19:54:49","modified_gmt":"2018-09-27T22:54:49","slug":"convocan-para-sumarse-a-la-organizacion-de-jovenes-mas-grande-del-mundo","status":"publish","type":"post","link":"https:\/\/www.fhycs.unam.edu.ar\/portada\/convocan-para-sumarse-a-la-organizacion-de-jovenes-mas-grande-del-mundo\/","title":{"rendered":"Convocan para sumarse a la organizaci\u00f3n de j\u00f3venes m\u00e1s grande del mundo"},"content":{"rendered":"<p style=\"text-align: justify;\"><a href=\"https:\/\/aiesecargentina.org\/\" target=\"_blank\" rel=\"noopener\"><strong><img loading=\"lazy\" class=\"wp-image-22884 aligncenter\" src=\"https:\/\/www.fhycs.unam.edu.ar\/portada\/wp-content\/uploads\/2018\/09\/2557c8906f99f0a822034031a1a28f26-300x200.jpg\" alt=\"\" width=\"600\" height=\"400\" srcset=\"https:\/\/www.fhycs.unam.edu.ar\/portada\/wp-content\/uploads\/2018\/09\/2557c8906f99f0a822034031a1a28f26-300x200.jpg 300w, https:\/\/www.fhycs.unam.edu.ar\/portada\/wp-content\/uploads\/2018\/09\/2557c8906f99f0a822034031a1a28f26.jpg 640w\" sizes=\"(max-width: 600px) 100vw, 600px\" \/>AIESEC<\/strong><\/a> es una organizaci\u00f3n global, sin fines de lucro formada por j\u00f3venes de entre 18 y 29 a\u00f1os, de todo el mundo. Sus miembros est\u00e1n principalmente interesados en temas globales, interculturalidad, liderazgo y emprendimiento, y tiene firmado un convenio de cooperaci\u00f3n Institucional con la Facultad de Humanidades y Ciencias Sociales.<!--more--><\/p>\n<p style=\"text-align: justify;\">La organizaci\u00f3n internacional tiene presencia en 124 pa\u00edses y que est\u00e1 conformada por estudiantes universitarios y reci\u00e9n egresados. Tambi\u00e9n, est\u00e1 presente en Misiones.<\/p>\n<p><code><iframe loading=\"lazy\" style=\"border: none; overflow: hidden;\" src=\"https:\/\/www.facebook.com\/plugins\/video.php?href=https%3A%2F%2Fwww.facebook.com%2FAIESECinArgentina%2Fvideos%2F1872442572839181%2F&amp;show_text=0&amp;width=560\" width=\"560\" height=\"315\" frameborder=\"0\" scrolling=\"no\" allowfullscreen=\"allowfullscreen\"><\/iframe><\/code><\/p>\n<h4 style=\"text-align: justify;\">Sobre los programas de voluntariado de AIESEC<\/h4>\n<p style=\"text-align: justify;\">AIESEC ofrece experiencias de intercambio voluntario o profesional, para que j\u00f3venes entre 18 y 30 a\u00f1os pueden descubrir su potencial mientras generan un impacto positivo en la sociedad. Se trata de una oportunidad de desarrollar habilidades de liderazgo, gesti\u00f3n de proyecto, trabajo en equipo y experiencia internacional, trabajando en proyectos que buscan contribuir al cumplimiento de los Objetivo de Desarrollo Sostenible (ODS) creados por la ONU.<\/p>\n<p><img loading=\"lazy\" class=\"alignleft wp-image-22883\" src=\"https:\/\/www.fhycs.unam.edu.ar\/portada\/wp-content\/uploads\/2018\/09\/Branding-noviembre-300x300.png\" alt=\"\" width=\"204\" height=\"204\" srcset=\"https:\/\/www.fhycs.unam.edu.ar\/portada\/wp-content\/uploads\/2018\/09\/Branding-noviembre-300x300.png 300w, https:\/\/www.fhycs.unam.edu.ar\/portada\/wp-content\/uploads\/2018\/09\/Branding-noviembre-150x150.png 150w, https:\/\/www.fhycs.unam.edu.ar\/portada\/wp-content\/uploads\/2018\/09\/Branding-noviembre-768x768.png 768w, https:\/\/www.fhycs.unam.edu.ar\/portada\/wp-content\/uploads\/2018\/09\/Branding-noviembre.png 800w\" sizes=\"(max-width: 204px) 100vw, 204px\" \/><\/p>\n<blockquote>\n<h4 class=\"heading-17\" style=\"text-align: right;\"><span style=\"color: #008080;\"><em>\u201cSi algo aprend\u00ed en AIESEC es que de cada problem\u00e1tica puede surgir una soluci\u00f3n. Es ah\u00ed donde sacamos los mayores aprendizajes y desarrollamos al m\u00e1ximo nuestro potencial.\u201d<\/em><\/span><\/h4>\n<h5 class=\"heading-18\" style=\"text-align: right;\"><span style=\"color: #008080;\"><em>Virginia Pontarolo<\/em><\/span><br \/>\n<span style=\"color: #008080;\"><em>Presidente AIESEC en Argentina<\/em><\/span><\/h5>\n<\/blockquote>\n<p style=\"text-align: justify;\">Los programas tienen duraci\u00f3n m\u00ednima de 6 semanas y cuentan con beneficios incluidos en el valor del programa, como: acomodaci\u00f3n, pick up en la llegada y 1 o m\u00e1s comidas diarias.<\/p>\n<blockquote>\n<h4 style=\"text-align: justify;\">Para sumarte a AIESEC debes <a href=\"https:\/\/aiesecargentina.org\/sumate\/\" target=\"_blank\" rel=\"noopener\"><strong>ingresar aqu\u00ed<\/strong><\/a> introduciendo tus datos personales, o contactalos\u00a0por Whatsaap al: (3764) 852283.<\/h4>\n<\/blockquote>\n","protected":false},"excerpt":{"rendered":"<p>AIESEC es una organizaci\u00f3n global, sin fines de lucro formada por j\u00f3venes de entre 18 y 29 a\u00f1os, de todo el mundo. Sus miembros est\u00e1n principalmente interesados en temas globales, interculturalidad, liderazgo y emprendimiento, y tiene firmado un convenio de cooperaci\u00f3n Institucional con la Facultad de Humanidades y Ciencias Sociales.<\/p>\n","protected":false},"author":5,"featured_media":22884,"comment_status":"open","ping_status":"closed","sticky":false,"template":"","format":"standard","meta":{"extendify_custom_stylesheet":""},"categories":[10,904],"tags":[3782,271,1169,56],"_links":{"self":[{"href":"https:\/\/www.fhycs.unam.edu.ar\/portada\/wp-json\/wp\/v2\/posts\/22882"}],"collection":[{"href":"https:\/\/www.fhycs.unam.edu.ar\/portada\/wp-json\/wp\/v2\/posts"}],"about":[{"href":"https:\/\/www.fhycs.unam.edu.ar\/portada\/wp-json\/wp\/v2\/types\/post"}],"author":[{"embeddable":true,"href":"https:\/\/www.fhycs.unam.edu.ar\/portada\/wp-json\/wp\/v2\/users\/5"}],"replies":[{"embeddable":true,"href":"https:\/\/www.fhycs.unam.edu.ar\/portada\/wp-json\/wp\/v2\/comments?post=22882"}],"version-history":[{"count":10,"href":"https:\/\/www.fhycs.unam.edu.ar\/portada\/wp-json\/wp\/v2\/posts\/22882\/revisions"}],"predecessor-version":[{"id":22894,"href":"https:\/\/www.fhycs.unam.edu.ar\/portada\/wp-json\/wp\/v2\/posts\/22882\/revisions\/22894"}],"wp:featuredmedia":[{"embeddable":true,"href":"https:\/\/www.fhycs.unam.edu.ar\/portada\/wp-json\/wp\/v2\/media\/22884"}],"wp:attachment":[{"href":"https:\/\/www.fhycs.unam.edu.ar\/portada\/wp-json\/wp\/v2\/media?parent=22882"}],"wp:term":[{"taxonomy":"category","embeddable":true,"href":"https:\/\/www.fhycs.unam.edu.ar\/portada\/wp-json\/wp\/v2\/categories?post=22882"},{"taxonomy":"post_tag","embeddable":true,"href":"https:\/\/www.fhycs.unam.edu.ar\/portada\/wp-json\/wp\/v2\/tags?post=22882"}],"curies":[{"name":"wp","href":"https:\/\/api.w.org\/{rel}","templated":true}]}}