{"id":25070,"date":"2019-03-21T20:19:02","date_gmt":"2019-03-21T23:19:02","guid":{"rendered":"http:\/\/www.fhycs.unam.edu.ar\/portada\/?p=25070"},"modified":"2019-03-28T13:16:17","modified_gmt":"2019-03-28T16:16:17","slug":"actividades-por-el-dia-de-la-memoria-en-historia","status":"publish","type":"post","link":"https:\/\/www.fhycs.unam.edu.ar\/portada\/actividades-por-el-dia-de-la-memoria-en-historia\/","title":{"rendered":"Actividades por el D\u00eda de la Memoria en Historia"},"content":{"rendered":"<p style=\"text-align: justify;\"><img loading=\"lazy\" class=\" wp-image-25073 aligncenter\" src=\"https:\/\/www.fhycs.unam.edu.ar\/portada\/wp-content\/uploads\/2019\/03\/DIA-DE-LA-MEMORIA-300x169.png\" alt=\"\" width=\"790\" height=\"445\" srcset=\"https:\/\/www.fhycs.unam.edu.ar\/portada\/wp-content\/uploads\/2019\/03\/DIA-DE-LA-MEMORIA-300x169.png 300w, https:\/\/www.fhycs.unam.edu.ar\/portada\/wp-content\/uploads\/2019\/03\/DIA-DE-LA-MEMORIA-768x432.png 768w, https:\/\/www.fhycs.unam.edu.ar\/portada\/wp-content\/uploads\/2019\/03\/DIA-DE-LA-MEMORIA-1024x576.png 1024w, https:\/\/www.fhycs.unam.edu.ar\/portada\/wp-content\/uploads\/2019\/03\/DIA-DE-LA-MEMORIA.png 1366w\" sizes=\"(max-width: 790px) 100vw, 790px\" \/>Ser\u00e1n el <strong>viernes 22 de marzo en las Aulas 5 y 6 del 4to. Piso del Edificio Central de la FHyCS (Tucum\u00e1n 1946)<\/strong>. Las actividades por el D\u00eda de la Memoria: 24 de marzo de 1976-2019\u2026 Memoria, Verdad y Justicia son <strong>organizadas por el Departamento de Historia en el marco del Ingreso Espec\u00edfico 2019 a sus carreras<\/strong>.<\/p>\n<p style=\"text-align: justify;\">A las 16 horas se har\u00e1 un cierre\/ balance participativo del <em>\u201cPaseo por las carreras de Historia\u201d<\/em>, al que seguir\u00e1n \u2013a partir de las 17 horas- <strong>presentaciones de tesistas de la Licenciatura en Historia<\/strong>:<\/p>\n<ul style=\"list-style-type: square;\">\n<li style=\"text-align: justify;\"><strong>NAHUEL BALLETB\u00d3<\/strong> Relaciones de poder y conflictos en la iglesia cat\u00f3lica durante el terrorismo de Estado<\/li>\n<li style=\"text-align: justify;\"><strong>PABLO ALCARAZ<\/strong> Aproximaci\u00f3n al escenario previo a la \u00faltima dictadura c\u00edvico militar en Misiones<\/li>\n<li style=\"text-align: justify;\"><strong>ANABELLA FEIGES<\/strong> Sacerdotes misioneros y su incidencia en la formaci\u00f3n del MAM 1965-1976<\/li>\n<li style=\"text-align: justify;\"><strong>JAVIER FERRAGUT<\/strong> \u00a0Las ligas agrarias correntinas entre la democracia y dos gobiernos de facto<\/li>\n<\/ul>\n","protected":false},"excerpt":{"rendered":"<p>Ser\u00e1n el viernes 22 de marzo en las Aulas 5 y 6 del 4to. Piso del Edificio Central de la FHyCS (Tucum\u00e1n 1946). Las actividades por el D\u00eda de la Memoria: 24 de marzo de 1976-2019\u2026 Memoria, Verdad y Justicia son organizadas por el Departamento de Historia en el marco del Ingreso Espec\u00edfico 2019 a [&hellip;]<\/p>\n","protected":false},"author":25,"featured_media":25075,"comment_status":"open","ping_status":"closed","sticky":false,"template":"","format":"standard","meta":{"extendify_custom_stylesheet":""},"categories":[2501],"tags":[4103,446,147,1687,4109],"_links":{"self":[{"href":"https:\/\/www.fhycs.unam.edu.ar\/portada\/wp-json\/wp\/v2\/posts\/25070"}],"collection":[{"href":"https:\/\/www.fhycs.unam.edu.ar\/portada\/wp-json\/wp\/v2\/posts"}],"about":[{"href":"https:\/\/www.fhycs.unam.edu.ar\/portada\/wp-json\/wp\/v2\/types\/post"}],"author":[{"embeddable":true,"href":"https:\/\/www.fhycs.unam.edu.ar\/portada\/wp-json\/wp\/v2\/users\/25"}],"replies":[{"embeddable":true,"href":"https:\/\/www.fhycs.unam.edu.ar\/portada\/wp-json\/wp\/v2\/comments?post=25070"}],"version-history":[{"count":3,"href":"https:\/\/www.fhycs.unam.edu.ar\/portada\/wp-json\/wp\/v2\/posts\/25070\/revisions"}],"predecessor-version":[{"id":25074,"href":"https:\/\/www.fhycs.unam.edu.ar\/portada\/wp-json\/wp\/v2\/posts\/25070\/revisions\/25074"}],"wp:featuredmedia":[{"embeddable":true,"href":"https:\/\/www.fhycs.unam.edu.ar\/portada\/wp-json\/wp\/v2\/media\/25075"}],"wp:attachment":[{"href":"https:\/\/www.fhycs.unam.edu.ar\/portada\/wp-json\/wp\/v2\/media?parent=25070"}],"wp:term":[{"taxonomy":"category","embeddable":true,"href":"https:\/\/www.fhycs.unam.edu.ar\/portada\/wp-json\/wp\/v2\/categories?post=25070"},{"taxonomy":"post_tag","embeddable":true,"href":"https:\/\/www.fhycs.unam.edu.ar\/portada\/wp-json\/wp\/v2\/tags?post=25070"}],"curies":[{"name":"wp","href":"https:\/\/api.w.org\/{rel}","templated":true}]}}