{"id":25106,"date":"2019-03-26T11:56:38","date_gmt":"2019-03-26T14:56:38","guid":{"rendered":"http:\/\/www.fhycs.unam.edu.ar\/portada\/?p=25106"},"modified":"2019-03-27T10:19:26","modified_gmt":"2019-03-27T13:19:26","slug":"se-realizaran-las-vi-jornadas-internacionales-de-fonetica-y-fonologia-en-la-fhycs","status":"publish","type":"post","link":"https:\/\/www.fhycs.unam.edu.ar\/portada\/se-realizaran-las-vi-jornadas-internacionales-de-fonetica-y-fonologia-en-la-fhycs\/","title":{"rendered":"Se realizar\u00e1n las VI Jornadas Internacionales de Fon\u00e9tica y Fonolog\u00eda en la FHyCS"},"content":{"rendered":"<p><strong><img loading=\"lazy\" class=\"wp-image-25107 aligncenter\" src=\"https:\/\/www.fhycs.unam.edu.ar\/portada\/wp-content\/uploads\/2019\/03\/fono-196x300.jpg\" alt=\"\" width=\"770\" height=\"1179\" srcset=\"https:\/\/www.fhycs.unam.edu.ar\/portada\/wp-content\/uploads\/2019\/03\/fono-196x300.jpg 196w, https:\/\/www.fhycs.unam.edu.ar\/portada\/wp-content\/uploads\/2019\/03\/fono.jpg 397w\" sizes=\"(max-width: 770px) 100vw, 770px\" \/><\/strong><\/p>\n<p style=\"text-align: justify;\">El Departamento del <strong>Profesorado en Portugu\u00e9s<\/strong> invita a las <strong><em>VI Jornadas Internacionales de Fon\u00e9tica y Fonolog\u00eda y II Jornadas Nacionales de Fonolog\u00eda y Discurso<\/em><\/strong>, a realizarse los d\u00edas 4, 5 y 6 de septiembre de 2019 en la Facultad de Humanidades y Ciencias Sociales.<\/p>\n<p style=\"text-align: justify;\"><strong>Estas jornadas son la continuidad del intercambio entre docentes, investigadores, graduados y estudiantes iniciado en el a\u00f1o 2006 en la Facultad de Lenguas de la Universidad Nacional de C\u00f3rdoba<\/strong>, que continu\u00f3 hasta el 2017 en la Facultad de Humanidades y Ciencias de la Educaci\u00f3n, en la Universidad Nacional de La Plata. Adem\u00e1s, en el marco de este encuentro se llevar\u00e1n a cabo las II Jornadas Nacionales de Fonolog\u00eda y Discurso, iniciadas en el 2017 en la Facultad de Humanidades y Ciencias de la Educaci\u00f3n de la UNLP.<!--more--><\/p>\n<p style=\"text-align: justify;\">Este a\u00f1o, \u00a0la FHyCS de la UNaM ser\u00e1 sede dadas las particulares caracter\u00edsticas que le aportan encontrarse inmersa en una regi\u00f3n donde se evidencian complejidades discursivas y sociales propias de los contextos fronterizos, en los cuales la proximidad ling\u00fc\u00edstica entre el portugu\u00e9s\u2013espa\u00f1ol &#8211; guaran\u00ed\u2013 son continuos.<\/p>\n<p style=\"text-align: justify;\"><strong>Las jornadas est\u00e1n destinadas a docentes, investigadores, traductores e int\u00e9rpretes abocados al estudio de la fon\u00e9tica y la fonolog\u00eda<\/strong> como as\u00ed tambi\u00e9n a otros profesionales y estudiantes interesados en el \u00e1rea y en la oralidad en general.<\/p>\n<blockquote>\n<p style=\"text-align: justify;\"><strong>Quienes deseen enviar trabajos para las diferentes \u00e1reas tem\u00e1ticas podr\u00e1n hacerlo ajust\u00e1ndose al cronograma propuesto:<\/strong><\/p>\n<p style=\"text-align: justify;\">Fecha l\u00edmite para env\u00edo de res\u00famenes: 31 de marzo de 2019.<\/p>\n<p style=\"text-align: justify;\">Fecha l\u00edmite de trabajos completos: 31 de mayo 2019.<\/p>\n<\/blockquote>\n<h6 style=\"text-align: justify;\">La normativa para la presentaci\u00f3n de propuestas as\u00ed como informaci\u00f3n sobre las Jornadas se encuentran detalladas en la Primera Circular<\/h6>\n<iframe src=\"\/\/docs.google.com\/viewer?url=https%3A%2F%2Fwww.fhycs.unam.edu.ar%2Fportada%2Fwp-content%2Fuploads%2F2019%2F03%2FPrimera-Circular-VI-JFyF-2019-FHYCS-UNaM.-1-1.pdf&hl=es&embedded=true\" class=\"gde-frame\" style=\"width:100%; height:500px; border: none;\" scrolling=\"no\"><\/iframe>\n<p class=\"gde-text\"><a href=\"https:\/\/www.fhycs.unam.edu.ar\/portada\/wp-content\/uploads\/2019\/03\/Primera-Circular-VI-JFyF-2019-FHYCS-UNaM.-1-1.pdf\" class=\"gde-link\">Descargar (PDF, Desconocido)<\/a><\/p>\n<p>&nbsp;<\/p>\n<blockquote>\n<p style=\"text-align: justify;\">Contacto: <a href=\"mailto:profportuguesfhycs@gmail.com\">profportuguesfhycs@gmail.com<\/a><\/p>\n<\/blockquote>\n<p style=\"text-align: justify;\">\n","protected":false},"excerpt":{"rendered":"<p>El Departamento del Profesorado en Portugu\u00e9s invita a las VI Jornadas Internacionales de Fon\u00e9tica y Fonolog\u00eda y II Jornadas Nacionales de Fonolog\u00eda y Discurso, a realizarse los d\u00edas 4, 5 y 6 de septiembre de 2019 en la Facultad de Humanidades y Ciencias Sociales. Estas jornadas son la continuidad del intercambio entre docentes, investigadores, graduados [&hellip;]<\/p>\n","protected":false},"author":10,"featured_media":25109,"comment_status":"open","ping_status":"closed","sticky":false,"template":"","format":"standard","meta":{"extendify_custom_stylesheet":""},"categories":[2244,10,350,3465],"tags":[4116,4117,162,325],"_links":{"self":[{"href":"https:\/\/www.fhycs.unam.edu.ar\/portada\/wp-json\/wp\/v2\/posts\/25106"}],"collection":[{"href":"https:\/\/www.fhycs.unam.edu.ar\/portada\/wp-json\/wp\/v2\/posts"}],"about":[{"href":"https:\/\/www.fhycs.unam.edu.ar\/portada\/wp-json\/wp\/v2\/types\/post"}],"author":[{"embeddable":true,"href":"https:\/\/www.fhycs.unam.edu.ar\/portada\/wp-json\/wp\/v2\/users\/10"}],"replies":[{"embeddable":true,"href":"https:\/\/www.fhycs.unam.edu.ar\/portada\/wp-json\/wp\/v2\/comments?post=25106"}],"version-history":[{"count":4,"href":"https:\/\/www.fhycs.unam.edu.ar\/portada\/wp-json\/wp\/v2\/posts\/25106\/revisions"}],"predecessor-version":[{"id":25115,"href":"https:\/\/www.fhycs.unam.edu.ar\/portada\/wp-json\/wp\/v2\/posts\/25106\/revisions\/25115"}],"wp:featuredmedia":[{"embeddable":true,"href":"https:\/\/www.fhycs.unam.edu.ar\/portada\/wp-json\/wp\/v2\/media\/25109"}],"wp:attachment":[{"href":"https:\/\/www.fhycs.unam.edu.ar\/portada\/wp-json\/wp\/v2\/media?parent=25106"}],"wp:term":[{"taxonomy":"category","embeddable":true,"href":"https:\/\/www.fhycs.unam.edu.ar\/portada\/wp-json\/wp\/v2\/categories?post=25106"},{"taxonomy":"post_tag","embeddable":true,"href":"https:\/\/www.fhycs.unam.edu.ar\/portada\/wp-json\/wp\/v2\/tags?post=25106"}],"curies":[{"name":"wp","href":"https:\/\/api.w.org\/{rel}","templated":true}]}}