{"id":25273,"date":"2019-04-11T18:57:52","date_gmt":"2019-04-11T21:57:52","guid":{"rendered":"http:\/\/www.fhycs.unam.edu.ar\/portada\/?p=25273"},"modified":"2019-04-16T16:56:56","modified_gmt":"2019-04-16T19:56:56","slug":"puerto-rico-contara-con-el-profesorado-en-ciencias-economicas","status":"publish","type":"post","link":"https:\/\/www.fhycs.unam.edu.ar\/portada\/puerto-rico-contara-con-el-profesorado-en-ciencias-economicas\/","title":{"rendered":"Dictar\u00e1n Profesorado en Ciencias Econ\u00f3micas en Puerto Rico"},"content":{"rendered":"<p><img loading=\"lazy\" class=\" wp-image-25274 aligncenter\" src=\"https:\/\/www.fhycs.unam.edu.ar\/portada\/wp-content\/uploads\/2019\/04\/ciencias-econ-300x214.jpg\" alt=\"\" width=\"807\" height=\"576\" srcset=\"https:\/\/www.fhycs.unam.edu.ar\/portada\/wp-content\/uploads\/2019\/04\/ciencias-econ-300x214.jpg 300w, https:\/\/www.fhycs.unam.edu.ar\/portada\/wp-content\/uploads\/2019\/04\/ciencias-econ-768x548.jpg 768w, https:\/\/www.fhycs.unam.edu.ar\/portada\/wp-content\/uploads\/2019\/04\/ciencias-econ-1024x731.jpg 1024w, https:\/\/www.fhycs.unam.edu.ar\/portada\/wp-content\/uploads\/2019\/04\/ciencias-econ.jpg 1280w\" sizes=\"(max-width: 807px) 100vw, 807px\" \/><\/p>\n<p style=\"text-align: justify;\">El <strong>Departamento de Ciencias Econ\u00f3micas<\/strong> de la FHyCS invita al acto de presentaci\u00f3n y <strong>apertura de la extensi\u00f3n \u00e1ulica del Profesorado en Ciencias Econ\u00f3micas<\/strong> en la localidad de <strong>Puerto Rico<\/strong>. Ser\u00e1 a las 14 horas en el Sal\u00f3n de la Cultura, ubicado en avenida San Mart\u00edn y contar\u00e1 con la participaci\u00f3n de autoridades de la Facultad y el Municipio.<!--more--><\/p>\n<blockquote>\n<p style=\"text-align: justify;\"><span style=\"color: #008080;\"><strong>El mismo d\u00eda, tras la presentaci\u00f3n, dar\u00e1 comienzo el cursillo de ingreso para los aproximadamente 200 inscriptos a la carrera.<\/strong><\/span><\/p>\n<\/blockquote>\n<p style=\"text-align: justify;\">La apertura del <strong>Profesorado en Ciencias Econ\u00f3micas en Puerto Rico<\/strong> se da en el marco del convenio vigente entre la <strong>Facultad de Humanidades y Ciencias Sociales<\/strong> y el <strong>Municipio de la localidad<\/strong>, a trav\u00e9s de la firma de un Acta Complementaria -la tercera- para la puesta en marcha de la propuesta acad\u00e9mica. El acuerdo fue <strong>aprobado por\u00a0el Honorable Consejo Directivo<\/strong> en la sesi\u00f3n ordinaria del jueves 4 de abril de 2019.<\/p>\n","protected":false},"excerpt":{"rendered":"<p>El Departamento de Ciencias Econ\u00f3micas de la FHyCS invita al acto de presentaci\u00f3n y apertura de la extensi\u00f3n \u00e1ulica del Profesorado en Ciencias Econ\u00f3micas en la localidad de Puerto Rico. Ser\u00e1 a las 14 horas en el Sal\u00f3n de la Cultura, ubicado en avenida San Mart\u00edn y contar\u00e1 con la participaci\u00f3n de autoridades de la [&hellip;]<\/p>\n","protected":false},"author":10,"featured_media":25274,"comment_status":"open","ping_status":"closed","sticky":false,"template":"","format":"standard","meta":{"extendify_custom_stylesheet":""},"categories":[72],"tags":[4137,4136,4122,2423,57,446,4134,4135],"_links":{"self":[{"href":"https:\/\/www.fhycs.unam.edu.ar\/portada\/wp-json\/wp\/v2\/posts\/25273"}],"collection":[{"href":"https:\/\/www.fhycs.unam.edu.ar\/portada\/wp-json\/wp\/v2\/posts"}],"about":[{"href":"https:\/\/www.fhycs.unam.edu.ar\/portada\/wp-json\/wp\/v2\/types\/post"}],"author":[{"embeddable":true,"href":"https:\/\/www.fhycs.unam.edu.ar\/portada\/wp-json\/wp\/v2\/users\/10"}],"replies":[{"embeddable":true,"href":"https:\/\/www.fhycs.unam.edu.ar\/portada\/wp-json\/wp\/v2\/comments?post=25273"}],"version-history":[{"count":4,"href":"https:\/\/www.fhycs.unam.edu.ar\/portada\/wp-json\/wp\/v2\/posts\/25273\/revisions"}],"predecessor-version":[{"id":25304,"href":"https:\/\/www.fhycs.unam.edu.ar\/portada\/wp-json\/wp\/v2\/posts\/25273\/revisions\/25304"}],"wp:featuredmedia":[{"embeddable":true,"href":"https:\/\/www.fhycs.unam.edu.ar\/portada\/wp-json\/wp\/v2\/media\/25274"}],"wp:attachment":[{"href":"https:\/\/www.fhycs.unam.edu.ar\/portada\/wp-json\/wp\/v2\/media?parent=25273"}],"wp:term":[{"taxonomy":"category","embeddable":true,"href":"https:\/\/www.fhycs.unam.edu.ar\/portada\/wp-json\/wp\/v2\/categories?post=25273"},{"taxonomy":"post_tag","embeddable":true,"href":"https:\/\/www.fhycs.unam.edu.ar\/portada\/wp-json\/wp\/v2\/tags?post=25273"}],"curies":[{"name":"wp","href":"https:\/\/api.w.org\/{rel}","templated":true}]}}