{"id":25376,"date":"2019-04-23T19:01:14","date_gmt":"2019-04-23T22:01:14","guid":{"rendered":"http:\/\/www.fhycs.unam.edu.ar\/portada\/?p=25376"},"modified":"2019-04-24T14:17:16","modified_gmt":"2019-04-24T17:17:16","slug":"curso-taller-informacion-prevencion-y-corresponsabilidad-social-frente-a-los-consumos-problematicos","status":"publish","type":"post","link":"https:\/\/www.fhycs.unam.edu.ar\/portada\/curso-taller-informacion-prevencion-y-corresponsabilidad-social-frente-a-los-consumos-problematicos\/","title":{"rendered":"Curso taller \u201cInformaci\u00f3n, prevenci\u00f3n y corresponsabilidad social frente a los consumos problem\u00e1ticos\u201d"},"content":{"rendered":"<p style=\"text-align: justify;\"><img loading=\"lazy\" class=\"wp-image-25377 alignleft\" src=\"https:\/\/www.fhycs.unam.edu.ar\/portada\/wp-content\/uploads\/2019\/04\/WhatsApp-Image-2019-04-23-at-06.20.39-212x300.jpeg\" alt=\"\" width=\"301\" height=\"439\" \/>Es organizado por la <strong>C\u00e1mara de Representantes de Misiones<\/strong> y la <strong>FHyCS<\/strong> <strong>a trav\u00e9s de la C\u00e1tedra de Pr\u00e1ctica Profesional de la Tecnicatura en Comunicaci\u00f3n Social<\/strong>. El Taller est\u00e1 dirigido tanto a alumnos de las carreras de Comunicaci\u00f3n Social, Trabajo Social y Antropolog\u00eda Social, entre otras, como a egresados, periodistas en ejercicio y p\u00fablico interesado en la tem\u00e1tica.<!--more--><\/p>\n<p>Se dictar\u00e1 en\u00a0<strong>tres m\u00f3dulos<\/strong>, el primero ser\u00e1 el\u00a0<strong>viernes 26 de abril, de 9 a 12 horas en el SUM del Edificio Juan Figueredo (Col\u00f3n 2368. Primer Piso)<\/strong>y estar\u00e1 a cargo del especialista en la\u00a0<em>Problem\u00e1tica de las drogas, las adicciones y el narcotr\u00e1fico Mter. Esteban Wood.<\/em><\/p>\n<p style=\"text-align: justify;\">Las actividades <strong>continuar\u00e1n el 17 de mayo<\/strong>, de 9 a 12 horas en el <strong>Sal\u00f3n de las dos constituciones\u00a0C\u00e1mara de Representantes<\/strong> y <strong>finalizar\u00e1n el 31 de mayo, de 9 a 12 horas en el SUM del Edificio Juan Figueredo<\/strong>. Todos los encuentros son gratuitos, abiertos y se entregar\u00e1n certificados. Las inscripciones se realizar\u00e1n previas al inicio de las actividades.<\/p>\n<p style=\"text-align: justify;\">El curso taller <strong>busca promover la producci\u00f3n de informaci\u00f3n cr\u00edtica que contribuya a la construcci\u00f3n de una opini\u00f3n p\u00fablica m\u00e1s libre y reflexiva que favorezca la articulaci\u00f3n de una din\u00e1mica social<\/strong> capaz de afrontar los riesgos derivados de los consumos problem\u00e1ticos, especialmente entre los j\u00f3venes.<\/p>\n<p style=\"text-align: justify;\">Respecto a las actividades acad\u00e9micas de los <strong>alumnos<\/strong> de <strong>Pr\u00e1ctica Profesional<\/strong>, un grupo de ellos desarrollar\u00e1 durante el presente a\u00f1o lectivo, como plan curricular de la materia en el medio, <strong>una pr\u00e1ctica de intervenci\u00f3n comunicacional junto a un equipo de la Legislatura, en la tem\u00e1tica de Consumos Problem\u00e1ticos<\/strong>. <strong><u>\u00a0<\/u>\u00a0<\/strong><\/p>\n<blockquote>\n<p style=\"text-align: justify;\"><strong>Especialista en la tem\u00e1tica<\/strong><\/p>\n<p style=\"text-align: justify;\">El Mgter. <strong>Esteban Wood\u00a0<\/strong>es Licenciado en Comunicaci\u00f3n Social, Magister en Pol\u00edticas P\u00fablicas para el Desarrollo con Inclusi\u00f3n Social, Especialista en la Problem\u00e1tica de las drogas, las adicciones y el narcotr\u00e1fico. Es conferencista y capacitador en la tem\u00e1tica.<\/p>\n<p style=\"text-align: justify;\">Actualmente brinda asesoramiento y consultor\u00eda a pol\u00edticos, funcionarios, legisladores, organismos oficiales, municipios, empresas, instituciones acad\u00e9micas y de la sociedad civil interesadas en el abordaje integral de la problem\u00e1tica de las drogas. Tambi\u00e9n ofrece orientaci\u00f3n en herramientas de comunicaci\u00f3n, relaciones institucionales y procesos de dise\u00f1o de pol\u00edticas p\u00fablicas en general.Integra la Red Argentino Americana para el Liderazgo (REAL) y es director de la comisi\u00f3n de trabajo &#8220;Drogas, adicciones y narcotr\u00e1fico&#8221;.<\/p>\n<p style=\"text-align: justify;\">Tambi\u00e9n es miembro de la <em>World Federation Against Drugs (WFAD)<\/em>y de la <em>International Society of Substance Use Prevention and Treatment Professionals (ISSUP).<\/em><br \/>\nEscribi\u00f3 columnas de opini\u00f3n en el portal de noticias Infobae.com. desde 2004 y hasta 2016. Desempe\u00f1\u00f3 diversas funciones en la <em>Secretar\u00eda de Programaci\u00f3n para la Prevenci\u00f3n de la Drogadicci\u00f3n y la Lucha contra el Narcotr\u00e1fico (SEDRONAR)<\/em>&#8211; Presidencia de la Naci\u00f3n Argentina.<\/p>\n<p style=\"text-align: justify;\">\n<\/blockquote>\n<p style=\"text-align: justify;\">\n","protected":false},"excerpt":{"rendered":"<p>Es organizado por la C\u00e1mara de Representantes de Misiones y la FHyCS a trav\u00e9s de la C\u00e1tedra de Pr\u00e1ctica Profesional de la Tecnicatura en Comunicaci\u00f3n Social. El Taller est\u00e1 dirigido tanto a alumnos de las carreras de Comunicaci\u00f3n Social, Trabajo Social y Antropolog\u00eda Social, entre otras, como a egresados, periodistas en ejercicio y p\u00fablico interesado [&hellip;]<\/p>\n","protected":false},"author":25,"featured_media":25377,"comment_status":"open","ping_status":"closed","sticky":false,"template":"","format":"standard","meta":{"extendify_custom_stylesheet":""},"categories":[3],"tags":[4158,4161,131,4160,5,446,4156,4157,4159,132,144],"_links":{"self":[{"href":"https:\/\/www.fhycs.unam.edu.ar\/portada\/wp-json\/wp\/v2\/posts\/25376"}],"collection":[{"href":"https:\/\/www.fhycs.unam.edu.ar\/portada\/wp-json\/wp\/v2\/posts"}],"about":[{"href":"https:\/\/www.fhycs.unam.edu.ar\/portada\/wp-json\/wp\/v2\/types\/post"}],"author":[{"embeddable":true,"href":"https:\/\/www.fhycs.unam.edu.ar\/portada\/wp-json\/wp\/v2\/users\/25"}],"replies":[{"embeddable":true,"href":"https:\/\/www.fhycs.unam.edu.ar\/portada\/wp-json\/wp\/v2\/comments?post=25376"}],"version-history":[{"count":10,"href":"https:\/\/www.fhycs.unam.edu.ar\/portada\/wp-json\/wp\/v2\/posts\/25376\/revisions"}],"predecessor-version":[{"id":25387,"href":"https:\/\/www.fhycs.unam.edu.ar\/portada\/wp-json\/wp\/v2\/posts\/25376\/revisions\/25387"}],"wp:featuredmedia":[{"embeddable":true,"href":"https:\/\/www.fhycs.unam.edu.ar\/portada\/wp-json\/wp\/v2\/media\/25377"}],"wp:attachment":[{"href":"https:\/\/www.fhycs.unam.edu.ar\/portada\/wp-json\/wp\/v2\/media?parent=25376"}],"wp:term":[{"taxonomy":"category","embeddable":true,"href":"https:\/\/www.fhycs.unam.edu.ar\/portada\/wp-json\/wp\/v2\/categories?post=25376"},{"taxonomy":"post_tag","embeddable":true,"href":"https:\/\/www.fhycs.unam.edu.ar\/portada\/wp-json\/wp\/v2\/tags?post=25376"}],"curies":[{"name":"wp","href":"https:\/\/api.w.org\/{rel}","templated":true}]}}