{"id":25429,"date":"2019-07-02T09:54:30","date_gmt":"2019-07-02T12:54:30","guid":{"rendered":"http:\/\/www.fhycs.unam.edu.ar\/portada\/?p=25429"},"modified":"2019-07-02T17:08:42","modified_gmt":"2019-07-02T20:08:42","slug":"todo-el-mes-de-julio-convocatoria-al-proyecto-vincular-mentoreo-posadas","status":"publish","type":"post","link":"https:\/\/www.fhycs.unam.edu.ar\/portada\/todo-el-mes-de-julio-convocatoria-al-proyecto-vincular-mentoreo-posadas\/","title":{"rendered":"Todo el mes de julio convocatoria al Proyecto Vincular Mentoreo Posadas"},"content":{"rendered":"<p><img loading=\"lazy\" class=\" wp-image-26499 aligncenter\" src=\"https:\/\/www.fhycs.unam.edu.ar\/portada\/wp-content\/uploads\/2019\/07\/LIDER-300x200.jpg\" alt=\"\" width=\"1115\" height=\"744\" srcset=\"https:\/\/www.fhycs.unam.edu.ar\/portada\/wp-content\/uploads\/2019\/07\/LIDER-300x200.jpg 300w, https:\/\/www.fhycs.unam.edu.ar\/portada\/wp-content\/uploads\/2019\/07\/LIDER-768x513.jpg 768w, https:\/\/www.fhycs.unam.edu.ar\/portada\/wp-content\/uploads\/2019\/07\/LIDER-1024x684.jpg 1024w, https:\/\/www.fhycs.unam.edu.ar\/portada\/wp-content\/uploads\/2019\/07\/LIDER.jpg 1104w\" sizes=\"(max-width: 1115px) 100vw, 1115px\" \/><\/p>\n<p style=\"text-align: justify;\">El Proyecto, impulsado por la <strong>Asociaci\u00f3n Conciencia<\/strong>, busca <strong>acompa\u00f1ar a lo largo de 10 meses a j\u00f3venes de 15 a 25 a\u00f1os que hayan abandonado la escolaridad<\/strong>, con el objetivo de alentarlos\/las a que logren construir un proyecto de vida a trav\u00e9s del cumplimiento de los hitos marcados como v\u00edas para la inclusi\u00f3n social, y as\u00ed mejorar su actual condici\u00f3n de vulnerabilidad social. La convocatoria est\u00e1 dirigida a estudiantes, graduados, docentes y no docentes de la FHyCS, as\u00ed como a la comunidad en general.<\/p>\n<p style=\"text-align: justify;\"><!--more--><\/p>\n<p style=\"text-align: justify;\">Esta iniciativa se lleva a cabo a trav\u00e9s de <strong>mentores voluntarios<\/strong> (cada mentor acompa\u00f1a individualmente a un joven) que son capacitados y guiados por los coordinadores del programa, funcionando como modelo, agentes de cambio y colaboradores en la construcci\u00f3n del proyecto de vida de los\/as mentoreados\/as.<\/p>\n<blockquote>\n<h4 style=\"text-align: right;\"><span style=\"color: #008080;\">La inscripci\u00f3n para ser mentor voluntario es durante todo el mes de julio y para hacerlo deber\u00e1n escribir a: <a style=\"color: #008080;\" href=\"mailto:vincularmis@conciencia.org\">vincularmis@conciencia.org<\/a> o contactarse al\u00a0 celular: 376- 154120887.<\/span><\/h4>\n<h4 style=\"text-align: right;\"><a href=\"https:\/\/docs.google.com\/forms\/d\/e\/1FAIpQLSfpzdokMDqKKYNsycM8ej1exzji04nw9qyisgD_E0fhrfIMCw\/viewform\"><span style=\"color: #008080;\">PRE-INSCRIPCI\u00d3N<\/span><\/a><\/h4>\n<p>&nbsp;<\/p><\/blockquote>\n<p style=\"text-align: justify;\">El <strong>Proyecto Vincular-Mentoreo Posadas<\/strong> se desarrolla, adem\u00e1s, en el marco del convenio de cooperaci\u00f3n interinstitucional firmado entre la Facultad de Humanidades y Ciencias Sociales y la Asociaci\u00f3n Conciencia para facilitar el desarrollo de recursos humanos y materiales disponibles para acciones de extensi\u00f3n, vinculaci\u00f3n tecnol\u00f3gica, investigaci\u00f3n u otra actividad de inter\u00e9s com\u00fan entre ambas instituciones.<\/p>\n<p style=\"text-align: justify;\">La Asociaci\u00f3n Conciencia es una organizaci\u00f3n de la sociedad civil, apartidaria y sin fines de lucro, con una trayectoria de m\u00e1s de 35 a\u00f1os trabajando en la formaci\u00f3n de ciudadanos comprometidos, con capacidad de decidir y voluntad de participar.<\/p>\n<p style=\"text-align: justify;\">En 2019 relanzaron el Programa Vincular-Proyecto Mentoreo que se desarrolla en las comunidades de Posadas, Mar del Plata, Quilmes y Pilar.<\/p>\n<blockquote>\n<p style=\"text-align: justify;\"><strong>Metodolog\u00eda<\/strong><\/p>\n<p style=\"text-align: justify;\">Los mentores voluntarios acompa\u00f1an a los j\u00f3venes por el lapso de 10 meses (cada mentor acompa\u00f1a a un joven), encontr\u00e1ndose dos veces al mes (un encuentro individual y otro grupal) para trabajar sobre los hitos de la inclusi\u00f3n social y el desarrollo de habilidades socioemocionales. Lo hacen a trav\u00e9s del apoyo y contenci\u00f3n de un coordinador local de la Asociaci\u00f3n Conciencia y con una gu\u00eda de acci\u00f3n que plantea distintos ejercicios para llevar adelante con el joven.<\/p>\n<\/blockquote>\n<p style=\"text-align: justify;\">Son hitos integrales que se espera que los j\u00f3venes desarrollen para avanzar hacia su efectiva inclusi\u00f3n, acompa\u00f1ados por su mentor:<\/p>\n<ul style=\"list-style-type: square;\">\n<li style=\"text-align: justify;\">\u00a0Identidad: lograr que el joven cuente con su documentaci\u00f3n al d\u00eda (partida de nacimiento, DNI, residencia, etc.) La misma es la v\u00eda de acceso al pleno disfrute de los derechos ciudadanos.<\/li>\n<li style=\"text-align: justify;\">Vida Saludable: lograr que el joven cuide su salud f\u00edsica y mental, as\u00ed como su aspecto, higiene y evite\/mejore conductas de riesgo social.<\/li>\n<li style=\"text-align: justify;\">Participaci\u00f3n comunitaria: lograr que el joven se involucre en actividades deportivas, culturales y\/o art\u00edsticas que tengan lugar en su propia comunidad y donde pueda compartir con sus pares.<\/li>\n<li style=\"text-align: justify;\">Escolaridad: lograr que el joven valore la educaci\u00f3n como medio transformador de su realidad y veh\u00edculo de oportunidades.<\/li>\n<li style=\"text-align: justify;\">Capacitaci\u00f3n para la empleabilidad y emprendedurismo: lograr que el joven desarrolle la actitud y las habilidades t\u00e9cnicas necesarias para ingresar en el mercado laboral.<\/li>\n<li style=\"text-align: justify;\">Alfabetizaci\u00f3n tecnol\u00f3gica: lograr que el joven sepa utilizar la tecnolog\u00eda como herramienta beneficiosa para su vida.<\/li>\n<li style=\"text-align: justify;\">Proyecto de vida: lograr que el joven desarrolle autoconocimiento y las habilidades socioemocionales necesarias para encarar un proyecto de vida satisfactorio, elegido libremente.<\/li>\n<li style=\"text-align: justify;\">Acceso a los programas del Estado Nacional a trav\u00e9s del MDS como ventanilla \u00fanica: identificar qu\u00e9 programas sociales y beneficios responden a las necesidades del mentoreado.<\/li>\n<\/ul>\n<p><img loading=\"lazy\" class=\"wp-image-25430 aligncenter\" src=\"https:\/\/www.fhycs.unam.edu.ar\/portada\/wp-content\/uploads\/2019\/04\/vincular-conciencia-212x300.png\" alt=\"\" width=\"535\" height=\"757\" srcset=\"https:\/\/www.fhycs.unam.edu.ar\/portada\/wp-content\/uploads\/2019\/04\/vincular-conciencia-212x300.png 212w, https:\/\/www.fhycs.unam.edu.ar\/portada\/wp-content\/uploads\/2019\/04\/vincular-conciencia.png 800w\" sizes=\"(max-width: 535px) 100vw, 535px\" \/><\/p>\n<p>&nbsp;<\/p>\n<p style=\"text-align: justify;\">\n","protected":false},"excerpt":{"rendered":"<p>El Proyecto, impulsado por la Asociaci\u00f3n Conciencia, busca acompa\u00f1ar a lo largo de 10 meses a j\u00f3venes de 15 a 25 a\u00f1os que hayan abandonado la escolaridad, con el objetivo de alentarlos\/las a que logren construir un proyecto de vida a trav\u00e9s del cumplimiento de los hitos marcados como v\u00edas para la inclusi\u00f3n social, y [&hellip;]<\/p>\n","protected":false},"author":10,"featured_media":26499,"comment_status":"open","ping_status":"closed","sticky":false,"template":"","format":"standard","meta":{"extendify_custom_stylesheet":""},"categories":[35],"tags":[4168,5],"_links":{"self":[{"href":"https:\/\/www.fhycs.unam.edu.ar\/portada\/wp-json\/wp\/v2\/posts\/25429"}],"collection":[{"href":"https:\/\/www.fhycs.unam.edu.ar\/portada\/wp-json\/wp\/v2\/posts"}],"about":[{"href":"https:\/\/www.fhycs.unam.edu.ar\/portada\/wp-json\/wp\/v2\/types\/post"}],"author":[{"embeddable":true,"href":"https:\/\/www.fhycs.unam.edu.ar\/portada\/wp-json\/wp\/v2\/users\/10"}],"replies":[{"embeddable":true,"href":"https:\/\/www.fhycs.unam.edu.ar\/portada\/wp-json\/wp\/v2\/comments?post=25429"}],"version-history":[{"count":13,"href":"https:\/\/www.fhycs.unam.edu.ar\/portada\/wp-json\/wp\/v2\/posts\/25429\/revisions"}],"predecessor-version":[{"id":26507,"href":"https:\/\/www.fhycs.unam.edu.ar\/portada\/wp-json\/wp\/v2\/posts\/25429\/revisions\/26507"}],"wp:featuredmedia":[{"embeddable":true,"href":"https:\/\/www.fhycs.unam.edu.ar\/portada\/wp-json\/wp\/v2\/media\/26499"}],"wp:attachment":[{"href":"https:\/\/www.fhycs.unam.edu.ar\/portada\/wp-json\/wp\/v2\/media?parent=25429"}],"wp:term":[{"taxonomy":"category","embeddable":true,"href":"https:\/\/www.fhycs.unam.edu.ar\/portada\/wp-json\/wp\/v2\/categories?post=25429"},{"taxonomy":"post_tag","embeddable":true,"href":"https:\/\/www.fhycs.unam.edu.ar\/portada\/wp-json\/wp\/v2\/tags?post=25429"}],"curies":[{"name":"wp","href":"https:\/\/api.w.org\/{rel}","templated":true}]}}