{"id":25486,"date":"2019-04-30T21:50:22","date_gmt":"2019-05-01T00:50:22","guid":{"rendered":"http:\/\/www.fhycs.unam.edu.ar\/portada\/?p=25486"},"modified":"2019-05-03T18:55:19","modified_gmt":"2019-05-03T21:55:19","slug":"1-de-mayo-saludos-de-la-fhycs-a-los-as-trabajadores-as-en-su-dia","status":"publish","type":"post","link":"https:\/\/www.fhycs.unam.edu.ar\/portada\/1-de-mayo-saludos-de-la-fhycs-a-los-as-trabajadores-as-en-su-dia\/","title":{"rendered":"1 de Mayo: Saludos de la FHyCS a los\/as trabajadores\/as en su d\u00eda"},"content":{"rendered":"<p><img loading=\"lazy\" class=\"wp-image-25487 aligncenter\" src=\"https:\/\/www.fhycs.unam.edu.ar\/portada\/wp-content\/uploads\/2019\/04\/dia-trabajador-20196-300x181.png\" alt=\"\" width=\"756\" height=\"456\" srcset=\"https:\/\/www.fhycs.unam.edu.ar\/portada\/wp-content\/uploads\/2019\/04\/dia-trabajador-20196-300x180.png 300w, https:\/\/www.fhycs.unam.edu.ar\/portada\/wp-content\/uploads\/2019\/04\/dia-trabajador-20196-768x464.png 768w, https:\/\/www.fhycs.unam.edu.ar\/portada\/wp-content\/uploads\/2019\/04\/dia-trabajador-20196-1024x619.png 1024w, https:\/\/www.fhycs.unam.edu.ar\/portada\/wp-content\/uploads\/2019\/04\/dia-trabajador-20196.png 1142w\" sizes=\"(max-width: 756px) 100vw, 756px\" \/><\/p>\n<p style=\"text-align: left;\">Desde la Facultad de Humanidades y Ciencias Sociales a trav\u00e9s de sus autoridades extienden un fraternal saludo a todxs los trabajadorxs de la FHyCS:<\/p>\n<h5 style=\"text-align: right;\"><span style=\"color: #008080;\">&#8220;Saludamos a todos los trabajadores y trabajadoras de nuestra casa de estudios en su d\u00eda. Gran tarea interclaustro la de construir juntos, en las coincidencias y desde las diferencias, el derecho a la educaci\u00f3n superior y su defensa cotidiana.\u00a0 En estos tiempos de disputas por el sentido del bienestar, la justicia social y el papel del trabajo, la educaci\u00f3n, la ciencia y la tecnolog\u00eda en el desarrollo de un pa\u00eds apelemos a la capacidad de mantenernos m\u00e1s juntos que nunca definiendo y fortaleciendo acciones colectivas&#8221;.<\/span><\/h5>\n","protected":false},"excerpt":{"rendered":"<p>Desde la Facultad de Humanidades y Ciencias Sociales a trav\u00e9s de sus autoridades extienden un fraternal saludo a todxs los trabajadorxs de la FHyCS: &#8220;Saludamos a todos los trabajadores y trabajadoras de nuestra casa de estudios en su d\u00eda. Gran tarea interclaustro la de construir juntos, en las coincidencias y desde las diferencias, el derecho [&hellip;]<\/p>\n","protected":false},"author":10,"featured_media":25487,"comment_status":"open","ping_status":"closed","sticky":false,"template":"","format":"standard","meta":{"extendify_custom_stylesheet":""},"categories":[35],"tags":[4180,4181],"_links":{"self":[{"href":"https:\/\/www.fhycs.unam.edu.ar\/portada\/wp-json\/wp\/v2\/posts\/25486"}],"collection":[{"href":"https:\/\/www.fhycs.unam.edu.ar\/portada\/wp-json\/wp\/v2\/posts"}],"about":[{"href":"https:\/\/www.fhycs.unam.edu.ar\/portada\/wp-json\/wp\/v2\/types\/post"}],"author":[{"embeddable":true,"href":"https:\/\/www.fhycs.unam.edu.ar\/portada\/wp-json\/wp\/v2\/users\/10"}],"replies":[{"embeddable":true,"href":"https:\/\/www.fhycs.unam.edu.ar\/portada\/wp-json\/wp\/v2\/comments?post=25486"}],"version-history":[{"count":1,"href":"https:\/\/www.fhycs.unam.edu.ar\/portada\/wp-json\/wp\/v2\/posts\/25486\/revisions"}],"predecessor-version":[{"id":25488,"href":"https:\/\/www.fhycs.unam.edu.ar\/portada\/wp-json\/wp\/v2\/posts\/25486\/revisions\/25488"}],"wp:featuredmedia":[{"embeddable":true,"href":"https:\/\/www.fhycs.unam.edu.ar\/portada\/wp-json\/wp\/v2\/media\/25487"}],"wp:attachment":[{"href":"https:\/\/www.fhycs.unam.edu.ar\/portada\/wp-json\/wp\/v2\/media?parent=25486"}],"wp:term":[{"taxonomy":"category","embeddable":true,"href":"https:\/\/www.fhycs.unam.edu.ar\/portada\/wp-json\/wp\/v2\/categories?post=25486"},{"taxonomy":"post_tag","embeddable":true,"href":"https:\/\/www.fhycs.unam.edu.ar\/portada\/wp-json\/wp\/v2\/tags?post=25486"}],"curies":[{"name":"wp","href":"https:\/\/api.w.org\/{rel}","templated":true}]}}