{"id":26681,"date":"2019-07-29T19:10:09","date_gmt":"2019-07-29T22:10:09","guid":{"rendered":"http:\/\/www.fhycs.unam.edu.ar\/portada\/?p=26681"},"modified":"2019-07-29T21:22:47","modified_gmt":"2019-07-30T00:22:47","slug":"seminario-sobre-cuidados-en-la-primera-infancia-en-la-fhycs","status":"publish","type":"post","link":"https:\/\/www.fhycs.unam.edu.ar\/portada\/seminario-sobre-cuidados-en-la-primera-infancia-en-la-fhycs\/","title":{"rendered":"Seminario sobre cuidados en la primera infancia en la FHyCS"},"content":{"rendered":"<p style=\"text-align: justify;\"><strong><img loading=\"lazy\" class=\" wp-image-26683 aligncenter\" src=\"https:\/\/www.fhycs.unam.edu.ar\/portada\/wp-content\/uploads\/2019\/07\/PRIMERA_INFANCIA-300x200.jpg\" alt=\"\" width=\"1112\" height=\"741\" srcset=\"https:\/\/www.fhycs.unam.edu.ar\/portada\/wp-content\/uploads\/2019\/07\/PRIMERA_INFANCIA-300x200.jpg 300w, https:\/\/www.fhycs.unam.edu.ar\/portada\/wp-content\/uploads\/2019\/07\/PRIMERA_INFANCIA-768x512.jpg 768w, https:\/\/www.fhycs.unam.edu.ar\/portada\/wp-content\/uploads\/2019\/07\/PRIMERA_INFANCIA-1024x683.jpg 1024w, https:\/\/www.fhycs.unam.edu.ar\/portada\/wp-content\/uploads\/2019\/07\/PRIMERA_INFANCIA.jpg 1080w\" sizes=\"(max-width: 1112px) 100vw, 1112px\" \/><\/strong>El<strong> Departamento de Educaci\u00f3n Especial<\/strong> junto con la <strong>Diplomatura en atenci\u00f3n, educaci\u00f3n e intervenci\u00f3n temprana del desarrollo infantil<\/strong> y la <strong>Secretar\u00eda de Extensi\u00f3n y Vinculaci\u00f3n Tecnol\u00f3gica<\/strong>, organizan la capacitaci\u00f3n destinada a la comunidad en general, futuros padres, madres\/padres, abuelos, personal de guarder\u00edas, asistentes materno infantiles,\u00a0 ni\u00f1eras, otros. Tendr\u00e1 como disertantes a la <strong>Prof. Adriana Garc\u00eda<\/strong> (Licenciada en Psicomotricidad Educativa; Especialista en Atenci\u00f3n Temprana del Desarrollo Infantil) y a la <strong>Prof. Fabiana Gilardoni<\/strong> (docente y especialista de la\u00a0 Facultad de Humanidades y Ciencias Sociales).<\/p>\n<blockquote>\n<p style=\"text-align: right;\"><strong><span style=\"color: #008080;\">Ser\u00e1 el viernes 2\u00a0 de agosto en Aula Magna de la Facultad de Humanidades (Tucum\u00e1n 1946), a partir de las 17hs.<\/span><\/strong><\/p>\n<\/blockquote>\n<p style=\"text-align: justify;\">Con el objetivo de <strong>ofrecer saberes y conocimientos cient\u00edficos<\/strong> que permitan promover desarrollos adecuados para promover adultos sanos, el seminario <em>\u201cCuidados en la primera infancia\u201d<\/em> <strong>es gratuito<\/strong>. Las inscripciones se realizar\u00e1n el mismo viernes 2 de agosto y se entregar\u00e1 <strong>certificado de asistencia<\/strong>.<\/p>\n<p style=\"text-align: justify;\">Para el desarrollo de la propuesta, los organizadores parten de la consideraci\u00f3n que una de las tem\u00e1ticas\u00a0 centrales en\u00a0 la sociedad es la <strong>primera infancia<\/strong>, dado que \u00e9sta es la fase m\u00e1s importante para el desarrollo general durante toda la vida: \u201cel desarrollo cerebral y biol\u00f3gico durante los primeros a\u00f1os de vida depende en gran medida del entorno del ni\u00f1o. En estas estructuraciones <strong>son los adultos quienes asumen la responsabilidad<\/strong> de sostener, atender y brindar respuestas de calidad\u00a0 a las necesidades de\u00a0 los\u00a0 beb\u00e9s y ni\u00f1os\u00a0 como sujetos de derecho en una etapa de la vida en que dependen de otros para la satisfacci\u00f3n de sus necesidades\u201d; por lo que los cuidados en este per\u00edodo andamiar\u00e1n\u00a0 y\u00a0 estructurar\u00e1n la vida adulta.<\/p>\n<p>&nbsp;<\/p>\n<blockquote>\n<p style=\"text-align: justify;\"><strong>M\u00e1s informaci\u00f3n y consultas dirigirse a los mails<\/strong><\/p>\n<p style=\"text-align: justify;\"><a href=\"mailto:gilarfabiana08@gmail.com\">gilarfabiana08@gmail.com<\/a> \u00f3\u00a0<a href=\"mailto:luciasch21@yahoo.com.ar\">luciasch21@yahoo.com.ar<\/a><\/p>\n<\/blockquote>\n","protected":false},"excerpt":{"rendered":"<p>El Departamento de Educaci\u00f3n Especial junto con la Diplomatura en atenci\u00f3n, educaci\u00f3n e intervenci\u00f3n temprana del desarrollo infantil y la Secretar\u00eda de Extensi\u00f3n y Vinculaci\u00f3n Tecnol\u00f3gica, organizan la capacitaci\u00f3n destinada a la comunidad en general, futuros padres, madres\/padres, abuelos, personal de guarder\u00edas, asistentes materno infantiles,\u00a0 ni\u00f1eras, otros. Tendr\u00e1 como disertantes a la Prof. Adriana Garc\u00eda [&hellip;]<\/p>\n","protected":false},"author":25,"featured_media":26683,"comment_status":"open","ping_status":"closed","sticky":false,"template":"","format":"standard","meta":{"extendify_custom_stylesheet":""},"categories":[1],"tags":[3274,131,23,4371,5,3349,4370],"_links":{"self":[{"href":"https:\/\/www.fhycs.unam.edu.ar\/portada\/wp-json\/wp\/v2\/posts\/26681"}],"collection":[{"href":"https:\/\/www.fhycs.unam.edu.ar\/portada\/wp-json\/wp\/v2\/posts"}],"about":[{"href":"https:\/\/www.fhycs.unam.edu.ar\/portada\/wp-json\/wp\/v2\/types\/post"}],"author":[{"embeddable":true,"href":"https:\/\/www.fhycs.unam.edu.ar\/portada\/wp-json\/wp\/v2\/users\/25"}],"replies":[{"embeddable":true,"href":"https:\/\/www.fhycs.unam.edu.ar\/portada\/wp-json\/wp\/v2\/comments?post=26681"}],"version-history":[{"count":11,"href":"https:\/\/www.fhycs.unam.edu.ar\/portada\/wp-json\/wp\/v2\/posts\/26681\/revisions"}],"predecessor-version":[{"id":26694,"href":"https:\/\/www.fhycs.unam.edu.ar\/portada\/wp-json\/wp\/v2\/posts\/26681\/revisions\/26694"}],"wp:featuredmedia":[{"embeddable":true,"href":"https:\/\/www.fhycs.unam.edu.ar\/portada\/wp-json\/wp\/v2\/media\/26683"}],"wp:attachment":[{"href":"https:\/\/www.fhycs.unam.edu.ar\/portada\/wp-json\/wp\/v2\/media?parent=26681"}],"wp:term":[{"taxonomy":"category","embeddable":true,"href":"https:\/\/www.fhycs.unam.edu.ar\/portada\/wp-json\/wp\/v2\/categories?post=26681"},{"taxonomy":"post_tag","embeddable":true,"href":"https:\/\/www.fhycs.unam.edu.ar\/portada\/wp-json\/wp\/v2\/tags?post=26681"}],"curies":[{"name":"wp","href":"https:\/\/api.w.org\/{rel}","templated":true}]}}