{"id":27085,"date":"2019-09-06T19:59:59","date_gmt":"2019-09-06T22:59:59","guid":{"rendered":"https:\/\/www.fhycs.unam.edu.ar\/portada\/?p=27085"},"modified":"2019-09-06T20:36:08","modified_gmt":"2019-09-06T23:36:08","slug":"lanzamiento-del-panamericano-universitario-de-futsal-2019-en-la-fhycs","status":"publish","type":"post","link":"https:\/\/www.fhycs.unam.edu.ar\/portada\/lanzamiento-del-panamericano-universitario-de-futsal-2019-en-la-fhycs\/","title":{"rendered":"Lanzamiento del Panamericano Universitario de Futsal 2019 en la FHyCS"},"content":{"rendered":"<p style=\"text-align: justify;\"><img loading=\"lazy\" class=\" wp-image-27088 aligncenter\" src=\"https:\/\/www.fhycs.unam.edu.ar\/portada\/wp-content\/uploads\/2019\/09\/IMG_1354-300x200.jpg\" alt=\"\" width=\"1127\" height=\"751\" srcset=\"https:\/\/www.fhycs.unam.edu.ar\/portada\/wp-content\/uploads\/2019\/09\/IMG_1354-300x200.jpg 300w, https:\/\/www.fhycs.unam.edu.ar\/portada\/wp-content\/uploads\/2019\/09\/IMG_1354-768x512.jpg 768w, https:\/\/www.fhycs.unam.edu.ar\/portada\/wp-content\/uploads\/2019\/09\/IMG_1354-1024x682.jpg 1024w, https:\/\/www.fhycs.unam.edu.ar\/portada\/wp-content\/uploads\/2019\/09\/IMG_1354.jpg 1037w\" sizes=\"(max-width: 1127px) 100vw, 1127px\" \/>Se jugar\u00e1 por primera vez en <strong>Argentina<\/strong> y la <strong>Universidad Nacional de Misiones<\/strong> ser\u00e1 la sede de esta relevante competencia deportiva. Desde el 20 de septiembre, y hasta el 26, delegaciones universitarias de Futsal femenino y masculino de Argentina, Brasil, Chile, Paraguay, Costa Rica, M\u00e9xico y Per\u00fa enfrentar\u00e1n las contiendas en el <strong>Polideportivo \u201cFinito Gehrmann\u201d<\/strong> de Posadas. <!--more--><\/p>\n<blockquote>\n<p style=\"text-align: justify;\"><span style=\"color: #008080;\"><strong>Ser\u00e1 el lunes 9 de septiembre a las 18 en el SUM del Edificio Juan Figueredo (Col\u00f3n 2368. Primer Piso). Las actividades son abiertas y gratuitas<\/strong><\/span><\/p>\n<\/blockquote>\n<p style=\"text-align: justify;\">El lanzamiento se realizar\u00e1 en el marco de la <strong>Jornada por la Salud y el Deporte<\/strong>, organizada en forma conjunta por la <strong>Secretar\u00eda de Bienestar Estudiantil de la FHyCS<\/strong>, la <strong>Secretar\u00eda General de Asuntos Estudiantiles<\/strong>, la <strong>Direcci\u00f3n de Deportes de la UNaM<\/strong> y la <strong>Consejer\u00eda en Salud Sexual y Reproductiva<\/strong>. Entre las diversas actividades que se desarrollar\u00e1n habr\u00e1 charlas sobre tabaquismo, informaci\u00f3n sobre deportes en la Universidad, sobre derechos sexuales, y RCP (reanimaci\u00f3n cadiopulmonar). \u201cCreo que la Universidad est\u00e1 haciendo algo extraordinario en este sentido: cuando se presenta un evento tenemos la posibilidad de salvar una vida, es maravilloso\u201d, expres\u00f3 el Director de Deportes de la UNaM, <strong>Prof. Carlos \u201cTuti\u201d Boede<\/strong>.<\/p>\n<blockquote>\n<p style=\"text-align: justify;\"><strong>Acto Inaugural<\/strong><\/p>\n<p style=\"text-align: justify;\">El viernes <strong>20 de septiembre<\/strong> a las <strong>18 horas<\/strong> se llevar\u00e1 a cabo la inauguraci\u00f3n del Panamericano Universitario de Futsal en las instalaciones del <strong>Polideportivo \u201cFinito Gehrmann\u201d<\/strong>, con la participaci\u00f3n de autoridades provinciales, de la UNaM y sus unidades acad\u00e9micas y la presentaci\u00f3n del Ballet del Centro del Conocimiento \u2013a cargo del Prof. Luis Marinoni- y el Conjunto de C\u00e1mara \u2013dirigido por el Maestro Emilio Rocholl-, entre otros artistas de la provincia.<\/p>\n<p style=\"text-align: justify;\">Asimismo, el <strong>profesor Boede<\/strong> destac\u00f3: \u201cYo le quiero agradecer particularmente a la decana de la Facultad de Humanidades que desde el primer momento apoy\u00f3 este proyecto y a toda la Direcci\u00f3n de Deportes de la Universidad que ya declar\u00f3 asueto el d\u00eda <strong>20 de septiembre<\/strong>, a partir de las 14 horas, para que toda la comunidad pueda asistir, esto significa un acompa\u00f1amiento important\u00edsimo\u201d.<\/p>\n<\/blockquote>\n","protected":false},"excerpt":{"rendered":"<p>Se jugar\u00e1 por primera vez en Argentina y la Universidad Nacional de Misiones ser\u00e1 la sede de esta relevante competencia deportiva. Desde el 20 de septiembre, y hasta el 26, delegaciones universitarias de Futsal femenino y masculino de Argentina, Brasil, Chile, Paraguay, Costa Rica, M\u00e9xico y Per\u00fa enfrentar\u00e1n las contiendas en el Polideportivo \u201cFinito Gehrmann\u201d [&hellip;]<\/p>\n","protected":false},"author":25,"featured_media":27088,"comment_status":"open","ping_status":"closed","sticky":false,"template":"","format":"standard","meta":{"extendify_custom_stylesheet":""},"categories":[3734,1886],"tags":[4419,1433,216,5,446,2883,4430,144],"_links":{"self":[{"href":"https:\/\/www.fhycs.unam.edu.ar\/portada\/wp-json\/wp\/v2\/posts\/27085"}],"collection":[{"href":"https:\/\/www.fhycs.unam.edu.ar\/portada\/wp-json\/wp\/v2\/posts"}],"about":[{"href":"https:\/\/www.fhycs.unam.edu.ar\/portada\/wp-json\/wp\/v2\/types\/post"}],"author":[{"embeddable":true,"href":"https:\/\/www.fhycs.unam.edu.ar\/portada\/wp-json\/wp\/v2\/users\/25"}],"replies":[{"embeddable":true,"href":"https:\/\/www.fhycs.unam.edu.ar\/portada\/wp-json\/wp\/v2\/comments?post=27085"}],"version-history":[{"count":3,"href":"https:\/\/www.fhycs.unam.edu.ar\/portada\/wp-json\/wp\/v2\/posts\/27085\/revisions"}],"predecessor-version":[{"id":27091,"href":"https:\/\/www.fhycs.unam.edu.ar\/portada\/wp-json\/wp\/v2\/posts\/27085\/revisions\/27091"}],"wp:featuredmedia":[{"embeddable":true,"href":"https:\/\/www.fhycs.unam.edu.ar\/portada\/wp-json\/wp\/v2\/media\/27088"}],"wp:attachment":[{"href":"https:\/\/www.fhycs.unam.edu.ar\/portada\/wp-json\/wp\/v2\/media?parent=27085"}],"wp:term":[{"taxonomy":"category","embeddable":true,"href":"https:\/\/www.fhycs.unam.edu.ar\/portada\/wp-json\/wp\/v2\/categories?post=27085"},{"taxonomy":"post_tag","embeddable":true,"href":"https:\/\/www.fhycs.unam.edu.ar\/portada\/wp-json\/wp\/v2\/tags?post=27085"}],"curies":[{"name":"wp","href":"https:\/\/api.w.org\/{rel}","templated":true}]}}