{"id":27374,"date":"2019-09-25T12:11:31","date_gmt":"2019-09-25T15:11:31","guid":{"rendered":"https:\/\/www.fhycs.unam.edu.ar\/portada\/?p=27374"},"modified":"2019-09-25T12:13:26","modified_gmt":"2019-09-25T15:13:26","slug":"haran-un-encuentro-de-dialogo-intercultural-en-la-fhycs","status":"publish","type":"post","link":"https:\/\/www.fhycs.unam.edu.ar\/portada\/haran-un-encuentro-de-dialogo-intercultural-en-la-fhycs\/","title":{"rendered":"Organizan un encuentro de di\u00e1logo intercultural en la FHyCS"},"content":{"rendered":"<p><img loading=\"lazy\" class=\"size-medium wp-image-15415 alignleft\" src=\"https:\/\/www.fhycs.unam.edu.ar\/portada\/wp-content\/uploads\/2017\/07\/mbya-monte-200x300.jpg\" alt=\"\" width=\"200\" height=\"300\" srcset=\"https:\/\/www.fhycs.unam.edu.ar\/portada\/wp-content\/uploads\/2017\/07\/mbya-monte-200x300.jpg 200w, https:\/\/www.fhycs.unam.edu.ar\/portada\/wp-content\/uploads\/2017\/07\/mbya-monte.jpg 640w\" sizes=\"(max-width: 200px) 100vw, 200px\" \/><\/p>\n<p style=\"text-align: justify;\">\u201cEncuentro y Di\u00e1logo Intercultural\u201d es una actividad de di\u00e1logo y debate, abierto a todo p\u00fablico y de car\u00e1cter gratuito, llevada adelante por estudiantes guaran\u00edes de la Licenciatura en Trabajo Social de la FHyCS-UNaM.<!--more--><\/p>\n<blockquote>\n<h4 style=\"text-align: right;\"><span style=\"color: #008080;\">Jueves 03 de Octubre de 2019<\/span><\/h4>\n<h4 style=\"text-align: right;\"><span style=\"color: #008080;\">SUM Edificio \u201cJuan Figueredo\u201d 14 a 16:30hs<\/span><\/h4>\n<\/blockquote>\n<p style=\"text-align: justify;\">La propuestaconsiste en la presentaci\u00f3n de cortometrajes que forman partedel archivo audiovisual de la <em>Iniciativa para la Erradicaci\u00f3n del Racismo en la Educaci\u00f3n Superior<\/em>, una l\u00ednea de trabajo de la C\u00e1tedra UNESCO \u201cEducaci\u00f3n Superior y Pueblos Ind\u00edgenas y Afrodescendientes en Am\u00e9rica Latina\u201d (Universidad Nacional de Tres de Febrero \u2013 UNTREF).Contaremos con la presencia del colectivo de cine mbya \u201cAra Pyau\u201d quienes proyectar\u00e1n el cortometraje \u201cSomos de la Tierra\u201d.<\/p>\n<p style=\"text-align: justify;\">Luego de las proyecciones se propondr\u00e1 abrir el di\u00e1logo y la reflexi\u00f3n acerca de su mensaje y de las problem\u00e1ticas que atraviesan en nuestra provinciamiembros de comunidades guaran\u00edes y afrodescendientes y otros miembros de comunidades ind\u00edgenas del pa\u00eds, en su inserci\u00f3n y paso por el sistema educativo formal de la sociedad dominante.<\/p>\n<p style=\"text-align: justify;\"><strong><u>Cronograma y actividades<\/u><\/strong><\/p>\n<p style=\"text-align: justify;\"><strong>Apertura<\/strong> (14hs). Palabras de bienvenida a cargo de los organizadores, Mart\u00edn y An\u00edbal Gonz\u00e1lez, estudiantes mbya de la Licenciatura en Trabajo Social.<\/p>\n<p style=\"text-align: justify;\"><strong>Cortometrajes.<\/strong>(Aprox. 15\u2019 en total)<\/p>\n<p style=\"text-align: justify;\">* Introducci\u00f3n a los cortometrajes de la Iniciativa para la Erradicaci\u00f3n del Racismo en Educaci\u00f3n Superior. Daniel Mato (Director C\u00e1tedra UNESCO \u201cEducaci\u00f3n Superior y Pueblos Ind\u00edgenas y Afrodescendientes en Am\u00e9rica Latina\u201d). (Duraci\u00f3n: 2\u2019:23\u2019\u2019).<\/p>\n<p style=\"text-align: justify;\">* Daniel Lonc\u00f3n. Pueblo Mapuche \u2013 Universidad Nacional de la Patagonia San Juan Bosco. (Duraci\u00f3n: 0:36\u2019\u2019).<\/p>\n<p style=\"text-align: justify;\">* Libia Tujuayliya Gea Zamora. M\u00e9dica Wich\u00ed. Centros de Atenci\u00f3n Primaria de la Salud APS (4 y 20) Provincia de Buenos Aires. (Duraci\u00f3n: 04\u2019:06\u2019\u2019).<\/p>\n<p style=\"text-align: justify;\">* Virginia Unamuno. CONICET-Universidad Nacional de San Mart\u00edn. Buenos Aires. (Duraci\u00f3n: 0:53\u2019\u2019).<\/p>\n<p style=\"text-align: justify;\">* AnnyOcor\u00f3. CONICET-Universidad de Tres de Febrero. (Duraci\u00f3n: 03\u2019:34\u2019\u2019).<\/p>\n<p style=\"text-align: justify;\">* Cortometraje colectivo de cine mbya guaran\u00ed \u201cAra Pyau\u201d: \u201cSomos de la tierra\u201d. (03:00\u2019)<\/p>\n<p style=\"text-align: justify;\"><strong><u>Espacio de Di\u00e1logo<\/u><\/strong> (14:30 a 16: 30hs)<\/p>\n<p style=\"text-align: justify;\">Posteriormente a las proyecciones (aproximadamente 15\u2019 en total) se abrir\u00e1 el espacio para debatir sobre las proyecciones e intercambiar opiniones y posicionamientos con los estudiantes mbya, miembros representantes de comunidades, Auxiliares Docentes Ind\u00edgenas (ADI), y miembros del colectivo afrodescendiente con el objetivo de pensar propuestas concretas que visibilicen e instalen el tema de forma permanente.<\/p>\n<p><img loading=\"lazy\" class=\"wp-image-27375 aligncenter\" src=\"https:\/\/www.fhycs.unam.edu.ar\/portada\/wp-content\/uploads\/2019\/09\/index-1-169x300.jpg\" alt=\"\" width=\"638\" height=\"1133\" srcset=\"https:\/\/www.fhycs.unam.edu.ar\/portada\/wp-content\/uploads\/2019\/09\/index-1-169x300.jpg 169w, https:\/\/www.fhycs.unam.edu.ar\/portada\/wp-content\/uploads\/2019\/09\/index-1-576x1024.jpg 576w, https:\/\/www.fhycs.unam.edu.ar\/portada\/wp-content\/uploads\/2019\/09\/index-1.jpg 720w\" sizes=\"(max-width: 638px) 100vw, 638px\" \/><\/p>\n","protected":false},"excerpt":{"rendered":"<p>\u201cEncuentro y Di\u00e1logo Intercultural\u201d es una actividad de di\u00e1logo y debate, abierto a todo p\u00fablico y de car\u00e1cter gratuito, llevada adelante por estudiantes guaran\u00edes de la Licenciatura en Trabajo Social de la FHyCS-UNaM.<\/p>\n","protected":false},"author":10,"featured_media":0,"comment_status":"open","ping_status":"closed","sticky":false,"template":"","format":"standard","meta":{"extendify_custom_stylesheet":""},"categories":[1],"tags":[5,4485],"_links":{"self":[{"href":"https:\/\/www.fhycs.unam.edu.ar\/portada\/wp-json\/wp\/v2\/posts\/27374"}],"collection":[{"href":"https:\/\/www.fhycs.unam.edu.ar\/portada\/wp-json\/wp\/v2\/posts"}],"about":[{"href":"https:\/\/www.fhycs.unam.edu.ar\/portada\/wp-json\/wp\/v2\/types\/post"}],"author":[{"embeddable":true,"href":"https:\/\/www.fhycs.unam.edu.ar\/portada\/wp-json\/wp\/v2\/users\/10"}],"replies":[{"embeddable":true,"href":"https:\/\/www.fhycs.unam.edu.ar\/portada\/wp-json\/wp\/v2\/comments?post=27374"}],"version-history":[{"count":2,"href":"https:\/\/www.fhycs.unam.edu.ar\/portada\/wp-json\/wp\/v2\/posts\/27374\/revisions"}],"predecessor-version":[{"id":27377,"href":"https:\/\/www.fhycs.unam.edu.ar\/portada\/wp-json\/wp\/v2\/posts\/27374\/revisions\/27377"}],"wp:attachment":[{"href":"https:\/\/www.fhycs.unam.edu.ar\/portada\/wp-json\/wp\/v2\/media?parent=27374"}],"wp:term":[{"taxonomy":"category","embeddable":true,"href":"https:\/\/www.fhycs.unam.edu.ar\/portada\/wp-json\/wp\/v2\/categories?post=27374"},{"taxonomy":"post_tag","embeddable":true,"href":"https:\/\/www.fhycs.unam.edu.ar\/portada\/wp-json\/wp\/v2\/tags?post=27374"}],"curies":[{"name":"wp","href":"https:\/\/api.w.org\/{rel}","templated":true}]}}