{"id":27699,"date":"2019-10-25T19:09:00","date_gmt":"2019-10-25T22:09:00","guid":{"rendered":"https:\/\/www.fhycs.unam.edu.ar\/portada\/?p=27699"},"modified":"2019-10-30T09:24:19","modified_gmt":"2019-10-30T12:24:19","slug":"fhycs-inicia-acciones-conjuntas-con-la-asociacion-de-profesionales-de-trabajo-social-de-itapua","status":"publish","type":"post","link":"https:\/\/www.fhycs.unam.edu.ar\/portada\/fhycs-inicia-acciones-conjuntas-con-la-asociacion-de-profesionales-de-trabajo-social-de-itapua\/","title":{"rendered":"FHyCS inicia acciones conjuntas con la Asociaci\u00f3n de Profesionales de Trabajo Social de Itap\u00faa"},"content":{"rendered":"<p class=\"p1\" style=\"text-align: justify;\"><span class=\"s1\"><img loading=\"lazy\" class=\" wp-image-27700 aligncenter\" src=\"https:\/\/www.fhycs.unam.edu.ar\/portada\/wp-content\/uploads\/2019\/10\/2f94f78a-59dd-4bf6-80ed-ca3f08c35bc4-300x200.jpg\" alt=\"\" width=\"1156\" height=\"770\" srcset=\"https:\/\/www.fhycs.unam.edu.ar\/portada\/wp-content\/uploads\/2019\/10\/2f94f78a-59dd-4bf6-80ed-ca3f08c35bc4-300x200.jpg 300w, https:\/\/www.fhycs.unam.edu.ar\/portada\/wp-content\/uploads\/2019\/10\/2f94f78a-59dd-4bf6-80ed-ca3f08c35bc4-768x512.jpg 768w, https:\/\/www.fhycs.unam.edu.ar\/portada\/wp-content\/uploads\/2019\/10\/2f94f78a-59dd-4bf6-80ed-ca3f08c35bc4-1024x682.jpg 1024w, https:\/\/www.fhycs.unam.edu.ar\/portada\/wp-content\/uploads\/2019\/10\/2f94f78a-59dd-4bf6-80ed-ca3f08c35bc4.jpg 1280w\" sizes=\"(max-width: 1156px) 100vw, 1156px\" \/>El convenio de cooperaci\u00f3n institucional posibilitar\u00e1 desarrollar acciones de extensi\u00f3n, vinculaci\u00f3n tecnol\u00f3gica, investigaci\u00f3n, entre otras tareas que fortalezcan redes transfronterizas a fin de contribuir al crecimiento del campo profesional de los trabajadores sociales.<\/span><!--more--><\/p>\n<p style=\"text-align: justify;\"><span class=\"s1\">En la firma del acuerdo estuvieron presentes junto a la Decana de la Facultad, la <b>Dra. Eugenia N\u00fa\u00f1ez Kartsch<\/b>, Presidenta de APTSI (Asociaci\u00f3n de Profesionales de Trabajo Social de Itap\u00faa \u2013 Paraguay) y la Vice Presidenta <b>Ms. Marcela Sanabria<\/b>. Acompa\u00f1aron el encuentro, la <b>Ms. Stella Inilda Villalba Ram\u00edrez<\/b> (Secretaria) y la <b>Lic. Yolanda Franco<\/b> (Tesorera) por parte de la Delegaci\u00f3n de Paraguay\/Itap\u00faa; y la <b>Dra. Laura de Perini<\/b> y la <b>Mgter. Rosana Ben\u00edtez<\/b>, docentes investigadoras de la FHyCS.<\/span><\/p>\n<p class=\"p1\" style=\"text-align: justify;\"><span class=\"s1\"><b>Compromisos<\/b><\/span><\/p>\n<p class=\"p1\" style=\"text-align: justify;\"><span class=\"s1\">Entre las acciones previstas llevar en el marco de este acuerdo, se encuentran las de <b>brindar cursos de capacitaci\u00f3n<\/b> a trav\u00e9s del Proyecto Centro de Estudios, Capacitaci\u00f3n y Formaci\u00f3n: Comunidad, Salud y Salud Mental (HCD 236\/13) de la Secretar\u00eda de Extensi\u00f3n y Vinculaci\u00f3n Tecnol\u00f3gica de la FHyCS.<\/span><\/p>\n<p class=\"p1\" style=\"text-align: justify;\"><span class=\"s1\">Para ello, se compromete a <b>facilitar a los docentes que dicten cursos, seminarios, talleres, conversatorios<\/b>, etc.; as\u00ed como realizar los materiales did\u00e1cticos de los diferentes cursos, folletos, certificaciones, etc.<\/span><\/p>\n<p class=\"p1\" style=\"text-align: justify;\"><span class=\"s1\">Por su parte, la APTSI realizar\u00e1 la <b>convocatoria y difusi\u00f3n<\/b> para la participaci\u00f3n en las propuestas de capacitaci\u00f3n y gestionar cuestiones administrativas para el desarrollo de las actividades (seguro de riesgo y ART, por ejemplo).<\/span><\/p>\n","protected":false},"excerpt":{"rendered":"<p>El convenio de cooperaci\u00f3n institucional posibilitar\u00e1 desarrollar acciones de extensi\u00f3n, vinculaci\u00f3n tecnol\u00f3gica, investigaci\u00f3n, entre otras tareas que fortalezcan redes transfronterizas a fin de contribuir al crecimiento del campo profesional de los trabajadores sociales.<\/p>\n","protected":false},"author":25,"featured_media":27700,"comment_status":"open","ping_status":"closed","sticky":false,"template":"","format":"standard","meta":{"extendify_custom_stylesheet":""},"categories":[903],"tags":[617,5,4548,4549,2430,1306],"_links":{"self":[{"href":"https:\/\/www.fhycs.unam.edu.ar\/portada\/wp-json\/wp\/v2\/posts\/27699"}],"collection":[{"href":"https:\/\/www.fhycs.unam.edu.ar\/portada\/wp-json\/wp\/v2\/posts"}],"about":[{"href":"https:\/\/www.fhycs.unam.edu.ar\/portada\/wp-json\/wp\/v2\/types\/post"}],"author":[{"embeddable":true,"href":"https:\/\/www.fhycs.unam.edu.ar\/portada\/wp-json\/wp\/v2\/users\/25"}],"replies":[{"embeddable":true,"href":"https:\/\/www.fhycs.unam.edu.ar\/portada\/wp-json\/wp\/v2\/comments?post=27699"}],"version-history":[{"count":4,"href":"https:\/\/www.fhycs.unam.edu.ar\/portada\/wp-json\/wp\/v2\/posts\/27699\/revisions"}],"predecessor-version":[{"id":27742,"href":"https:\/\/www.fhycs.unam.edu.ar\/portada\/wp-json\/wp\/v2\/posts\/27699\/revisions\/27742"}],"wp:featuredmedia":[{"embeddable":true,"href":"https:\/\/www.fhycs.unam.edu.ar\/portada\/wp-json\/wp\/v2\/media\/27700"}],"wp:attachment":[{"href":"https:\/\/www.fhycs.unam.edu.ar\/portada\/wp-json\/wp\/v2\/media?parent=27699"}],"wp:term":[{"taxonomy":"category","embeddable":true,"href":"https:\/\/www.fhycs.unam.edu.ar\/portada\/wp-json\/wp\/v2\/categories?post=27699"},{"taxonomy":"post_tag","embeddable":true,"href":"https:\/\/www.fhycs.unam.edu.ar\/portada\/wp-json\/wp\/v2\/tags?post=27699"}],"curies":[{"name":"wp","href":"https:\/\/api.w.org\/{rel}","templated":true}]}}