{"id":27818,"date":"2019-11-11T11:09:02","date_gmt":"2019-11-11T14:09:02","guid":{"rendered":"https:\/\/www.fhycs.unam.edu.ar\/portada\/?p=27818"},"modified":"2019-11-11T14:28:42","modified_gmt":"2019-11-11T17:28:42","slug":"encuentro-audiovisual-sobre-abordaje-de-relatos-historicos-a-partir-de-las-experiencias","status":"publish","type":"post","link":"https:\/\/www.fhycs.unam.edu.ar\/portada\/encuentro-audiovisual-sobre-abordaje-de-relatos-historicos-a-partir-de-las-experiencias\/","title":{"rendered":"Proponen un encuentro sobre abordaje de relatos hist\u00f3ricos a partir de las experiencias"},"content":{"rendered":"<p style=\"text-align: justify;\"><img loading=\"lazy\" class=\" wp-image-27829 aligncenter\" src=\"https:\/\/www.fhycs.unam.edu.ar\/portada\/wp-content\/uploads\/2019\/11\/videomaker-3944175_960_720-300x200.jpg\" alt=\"\" width=\"1234\" height=\"822\" srcset=\"https:\/\/www.fhycs.unam.edu.ar\/portada\/wp-content\/uploads\/2019\/11\/videomaker-3944175_960_720-300x200.jpg 300w, https:\/\/www.fhycs.unam.edu.ar\/portada\/wp-content\/uploads\/2019\/11\/videomaker-3944175_960_720-768x512.jpg 768w, https:\/\/www.fhycs.unam.edu.ar\/portada\/wp-content\/uploads\/2019\/11\/videomaker-3944175_960_720.jpg 960w\" sizes=\"(max-width: 1234px) 100vw, 1234px\" \/>Se trata de &#8220;Experiencia(s), biograf\u00eda(s) y relato(s): acercamientos desde la producci\u00f3n audiovisual&#8221; que estar\u00e1 a cargo de Mario Gim\u00e9nez (Docente y realizador audiovisual) para \u00a0pensar y abordar diversas experiencias biogr\u00e1ficas evocadas a trav\u00e9s de los relatos audiovisuales que buscan, entre otras cosas, pensar las diversas historias de nuestra Historia. Experiencias sociales soslayadas, las m\u00e1s de las veces que, sin embargo, al hacerlas aparecer, dan cuenta de toda su complejidad y desmesura.<!--more--><\/p>\n<blockquote>\n<h4 style=\"text-align: right;\"><span style=\"color: #008080;\">Ser\u00e1 el mi\u00e9rcoles 13 de noviembre de 10 a 12hs en el primer piso del aula 1 del Edificio ubicado sobre calle Tucum\u00e1n 1946.<\/span><span style=\"color: #008080;\">Entrada libre y gratuita.<\/span><\/h4>\n<\/blockquote>\n<p style=\"text-align: justify;\">La actividad es organizada por el proyecto de extensi\u00f3n Circuito por la Memoria, en conjunto con el Ministerio de Derechos Humanos de la provincia de Misiones.<\/p>\n","protected":false},"excerpt":{"rendered":"<p>Se trata de &#8220;Experiencia(s), biograf\u00eda(s) y relato(s): acercamientos desde la producci\u00f3n audiovisual&#8221; que estar\u00e1 a cargo de Mario Gim\u00e9nez (Docente y realizador audiovisual) para \u00a0pensar y abordar diversas experiencias biogr\u00e1ficas evocadas a trav\u00e9s de los relatos audiovisuales que buscan, entre otras cosas, pensar las diversas historias de nuestra Historia. Experiencias sociales soslayadas, las m\u00e1s de [&hellip;]<\/p>\n","protected":false},"author":10,"featured_media":27829,"comment_status":"open","ping_status":"closed","sticky":false,"template":"","format":"standard","meta":{"extendify_custom_stylesheet":""},"categories":[3417],"tags":[1454,4577,5,147,4579,1687,2061,4578],"_links":{"self":[{"href":"https:\/\/www.fhycs.unam.edu.ar\/portada\/wp-json\/wp\/v2\/posts\/27818"}],"collection":[{"href":"https:\/\/www.fhycs.unam.edu.ar\/portada\/wp-json\/wp\/v2\/posts"}],"about":[{"href":"https:\/\/www.fhycs.unam.edu.ar\/portada\/wp-json\/wp\/v2\/types\/post"}],"author":[{"embeddable":true,"href":"https:\/\/www.fhycs.unam.edu.ar\/portada\/wp-json\/wp\/v2\/users\/10"}],"replies":[{"embeddable":true,"href":"https:\/\/www.fhycs.unam.edu.ar\/portada\/wp-json\/wp\/v2\/comments?post=27818"}],"version-history":[{"count":3,"href":"https:\/\/www.fhycs.unam.edu.ar\/portada\/wp-json\/wp\/v2\/posts\/27818\/revisions"}],"predecessor-version":[{"id":27831,"href":"https:\/\/www.fhycs.unam.edu.ar\/portada\/wp-json\/wp\/v2\/posts\/27818\/revisions\/27831"}],"wp:featuredmedia":[{"embeddable":true,"href":"https:\/\/www.fhycs.unam.edu.ar\/portada\/wp-json\/wp\/v2\/media\/27829"}],"wp:attachment":[{"href":"https:\/\/www.fhycs.unam.edu.ar\/portada\/wp-json\/wp\/v2\/media?parent=27818"}],"wp:term":[{"taxonomy":"category","embeddable":true,"href":"https:\/\/www.fhycs.unam.edu.ar\/portada\/wp-json\/wp\/v2\/categories?post=27818"},{"taxonomy":"post_tag","embeddable":true,"href":"https:\/\/www.fhycs.unam.edu.ar\/portada\/wp-json\/wp\/v2\/tags?post=27818"}],"curies":[{"name":"wp","href":"https:\/\/api.w.org\/{rel}","templated":true}]}}