{"id":27871,"date":"2019-11-21T11:41:50","date_gmt":"2019-11-21T14:41:50","guid":{"rendered":"https:\/\/www.fhycs.unam.edu.ar\/portada\/?p=27871"},"modified":"2019-11-21T11:57:42","modified_gmt":"2019-11-21T14:57:42","slug":"seminario-de-capacitacion-y-conferencia-sobre-narrativas-mediaticas-en-la-fhycs","status":"publish","type":"post","link":"https:\/\/www.fhycs.unam.edu.ar\/portada\/seminario-de-capacitacion-y-conferencia-sobre-narrativas-mediaticas-en-la-fhycs\/","title":{"rendered":"Seminario de Capacitaci\u00f3n y conferencia sobre narrativas medi\u00e1ticas en la FHyCS"},"content":{"rendered":"<p><img loading=\"lazy\" class=\"size-medium wp-image-27874 alignleft\" src=\"https:\/\/www.fhycs.unam.edu.ar\/portada\/wp-content\/uploads\/2019\/11\/padilla-300x236.jpg\" alt=\"\" width=\"300\" height=\"236\" srcset=\"https:\/\/www.fhycs.unam.edu.ar\/portada\/wp-content\/uploads\/2019\/11\/padilla-300x236.jpg 300w, https:\/\/www.fhycs.unam.edu.ar\/portada\/wp-content\/uploads\/2019\/11\/padilla.jpg 722w\" sizes=\"(max-width: 300px) 100vw, 300px\" \/><\/p>\n<p style=\"text-align: justify;\">Los d\u00edas jueves 21 y viernes 22 de noviembre se realizar\u00e1n dos actividades a cargo del Dr. Adrian Padilla Fern\u00e1ndez (UNESR-Venezuela), se trata de una conferencia &#8220;Migraciones y discursos transmedi\u00e1ticos\u201d y un seminario &#8220;Narrativas medi\u00e1ticas: aportes te\u00f3rico-metodol\u00f3gicos en el campo de la Comunicaci\u00f3n Social&#8221; gratuitos que tendr\u00e1n lugar en la Facultad de Humanidades y Ciencias Sociales de la UNaM.<!--more--><\/p>\n<blockquote>\n<blockquote>\n<h3>CONFERENCIA 21 de noviembre 18hs.<\/h3>\n<p><img loading=\"lazy\" class=\"size-medium wp-image-27872 alignleft\" src=\"https:\/\/www.fhycs.unam.edu.ar\/portada\/wp-content\/uploads\/2019\/11\/75557465_2449905625132093_7089999920517611520_o-212x300.jpg\" alt=\"\" width=\"212\" height=\"300\" srcset=\"https:\/\/www.fhycs.unam.edu.ar\/portada\/wp-content\/uploads\/2019\/11\/75557465_2449905625132093_7089999920517611520_o-212x300.jpg 212w, https:\/\/www.fhycs.unam.edu.ar\/portada\/wp-content\/uploads\/2019\/11\/75557465_2449905625132093_7089999920517611520_o.jpg 679w\" sizes=\"(max-width: 212px) 100vw, 212px\" \/><\/p>\n<p style=\"text-align: justify;\">&#8220;Migraciones y discursos transmedi\u00e1ticos\u201d<\/p>\n<p style=\"text-align: justify;\"><span class=\"_5mfr\"><span class=\"_6qdm\">\ud83d\udde3<\/span><\/span>\u00a0Disertante: Dr. Adri\u00e1n Padilla<br \/>\nComentarista: Mgtr. Elena Maidana<\/p>\n<\/blockquote>\n<p style=\"text-align: justify;\">Resumen:<br \/>\nLas migraciones internacionales contempor\u00e1neas se circunscriben esencialmente a la consolidaci\u00f3n de la econom\u00eda capitalista globalizada y tienen una incidencia en la estructuraci\u00f3n pol\u00edtica y cultural de las sociedades, si tomamos en cuenta las caracter\u00edsticas de la sociedad tecnotr\u00f3nica, donde los discursos transmedi\u00e1ticos tienen un peso significativo en la construcci\u00f3n de los imaginarios sociales, puede ser interesante hacer una lectura de estos hechos sociohist\u00f3ricos en su dimensi\u00f3n simb\u00f3lica. En este sentido proponemos la importancia de propiciar experiencias de aprendizaje para reflejar las particularidades de estos procesos en su relaci\u00f3n con algunos referentes te\u00f3rico-metodol\u00f3gicos.<\/p>\n<p style=\"text-align: justify;\"><span class=\"_5mfr\"><span class=\"_6qdm\">\ud83d\udcc6<\/span><\/span>\u00a0Fecha: Jueves 21 de noviembre, 18:00 hs., SUM Ed. Juan Figueredo, Col\u00f3n 2368, 1\u00ba Piso, Posadas. Entrada libre y gratuita.<\/p>\n<p style=\"text-align: justify;\">Adri\u00e1n Padilla es Doctor en Ciencias de la Comunicaci\u00f3n, periodista y editor de peri\u00f3dicos venezolanos (como El Universal y El Impulso). Actualmente se desempe\u00f1a como profesor de la Universidad Nacional Experimental Sim\u00f3n Rodr\u00edguez (Venezuela) de la cual fue Rector (2017-2018) y como profesor de posgrado en la Universidad Federal de Roraima (Brasil). Es miembro de CEPAP y representante en Venezuela de la RED AMLAT, (Red de investigaci\u00f3n en Comunicaci\u00f3n, Ciudadan\u00eda, Educaci\u00f3n e Integraci\u00f3n), conformada por universidades de Brasil, Argentina, Uruguay, Ecuador y Venezuela. Sus trabajos recorren los campos del periodismo y ciudadan\u00eda; TIC y movimientos sociales; comunicaci\u00f3n popular y alternativa; educaci\u00f3n popular; radio periodismo; pol\u00edtica y comunicaci\u00f3n.<\/p>\n<p style=\"text-align: justify;\">Actividad sin costo para los y las participantes.<\/p>\n<p style=\"text-align: justify;\"><span class=\"_5mfr\"><span class=\"_6qdm\">\u270d\ud83c\udffe<\/span><\/span>\u00a0Organiza Din\u00e1micas y l\u00f3gicas comunicacionales en la esfera p\u00fablica de Misiones<\/p>\n<h3>SEMINARIO 22 de noviembre<\/h3>\n<p><img loading=\"lazy\" class=\"size-medium wp-image-27873 alignleft\" src=\"https:\/\/www.fhycs.unam.edu.ar\/portada\/wp-content\/uploads\/2019\/11\/75242201_2449905545132101_5286890624371392512_o-212x300.jpg\" alt=\"\" width=\"212\" height=\"300\" srcset=\"https:\/\/www.fhycs.unam.edu.ar\/portada\/wp-content\/uploads\/2019\/11\/75242201_2449905545132101_5286890624371392512_o-212x300.jpg 212w, https:\/\/www.fhycs.unam.edu.ar\/portada\/wp-content\/uploads\/2019\/11\/75242201_2449905545132101_5286890624371392512_o.jpg 678w\" sizes=\"(max-width: 212px) 100vw, 212px\" \/><\/p><\/blockquote>\n<p style=\"text-align: justify;\">Con la participaci\u00f3n del Seminario de Capacitaci\u00f3n: &#8220;Narrativas medi\u00e1ticas: aportes te\u00f3rico-metodol\u00f3gicos en el campo de la Comunicaci\u00f3n Social&#8221;<\/p>\n<p style=\"text-align: justify;\">A cargo de: Dr. Adrian Padilla Fern\u00e1ndez (UNESR-Venezuela)<\/p>\n<p style=\"text-align: justify;\">Destinatarios: Docentes, investigadores, estudiantes avanzados, graduados y becarios de las Carreras de Comunicaci\u00f3n Social.<\/p>\n<div class=\"text_exposed_show\">\n<p style=\"text-align: justify;\">El objetivo es propiciar un espacio para la reflexi\u00f3n, debate e intercambio entre los participantes sobre experiencias, producciones y enfoques te\u00f3rico-metodol\u00f3gicos para el estudio de los relatos medi\u00e1ticos.<\/p>\n<p style=\"text-align: justify;\">Viernes 22 de Noviembre; 4to. Piso Anexo Col\u00f3n de 9 a 12 hs y 16 a 19hs.<\/p>\n<p style=\"text-align: justify;\">Organiza: Proyecto de Investigaci\u00f3n Din\u00e1micas y l\u00f3gicas Comunicacionales en la esfera p\u00fablica medi\u00e1tica en Misiones- Invita Secretar\u00eda de Investigaci\u00f3n- FHyCS- UNaM-Invita Secretar\u00eda de Investigaci\u00f3n- FHyCS- UNaM<br \/>\nActividad sin costo para los y las participantes.<\/p>\n<\/div>\n<p>(Fuente de imagen: http:\/\/concejomunicipalbolivarianolibertador.blogspot.com\/2016\/01\/comision-de-educacion-entrega-premios.html)<\/p>\n","protected":false},"excerpt":{"rendered":"<p>Los d\u00edas jueves 21 y viernes 22 de noviembre se realizar\u00e1n dos actividades a cargo del Dr. Adrian Padilla Fern\u00e1ndez (UNESR-Venezuela), se trata de una conferencia &#8220;Migraciones y discursos transmedi\u00e1ticos\u201d y un seminario &#8220;Narrativas medi\u00e1ticas: aportes te\u00f3rico-metodol\u00f3gicos en el campo de la Comunicaci\u00f3n Social&#8221; gratuitos que tendr\u00e1n lugar en la Facultad de Humanidades y Ciencias [&hellip;]<\/p>\n","protected":false},"author":10,"featured_media":27874,"comment_status":"open","ping_status":"closed","sticky":false,"template":"","format":"standard","meta":{"extendify_custom_stylesheet":""},"categories":[1],"tags":[5,4593],"_links":{"self":[{"href":"https:\/\/www.fhycs.unam.edu.ar\/portada\/wp-json\/wp\/v2\/posts\/27871"}],"collection":[{"href":"https:\/\/www.fhycs.unam.edu.ar\/portada\/wp-json\/wp\/v2\/posts"}],"about":[{"href":"https:\/\/www.fhycs.unam.edu.ar\/portada\/wp-json\/wp\/v2\/types\/post"}],"author":[{"embeddable":true,"href":"https:\/\/www.fhycs.unam.edu.ar\/portada\/wp-json\/wp\/v2\/users\/10"}],"replies":[{"embeddable":true,"href":"https:\/\/www.fhycs.unam.edu.ar\/portada\/wp-json\/wp\/v2\/comments?post=27871"}],"version-history":[{"count":5,"href":"https:\/\/www.fhycs.unam.edu.ar\/portada\/wp-json\/wp\/v2\/posts\/27871\/revisions"}],"predecessor-version":[{"id":27884,"href":"https:\/\/www.fhycs.unam.edu.ar\/portada\/wp-json\/wp\/v2\/posts\/27871\/revisions\/27884"}],"wp:featuredmedia":[{"embeddable":true,"href":"https:\/\/www.fhycs.unam.edu.ar\/portada\/wp-json\/wp\/v2\/media\/27874"}],"wp:attachment":[{"href":"https:\/\/www.fhycs.unam.edu.ar\/portada\/wp-json\/wp\/v2\/media?parent=27871"}],"wp:term":[{"taxonomy":"category","embeddable":true,"href":"https:\/\/www.fhycs.unam.edu.ar\/portada\/wp-json\/wp\/v2\/categories?post=27871"},{"taxonomy":"post_tag","embeddable":true,"href":"https:\/\/www.fhycs.unam.edu.ar\/portada\/wp-json\/wp\/v2\/tags?post=27871"}],"curies":[{"name":"wp","href":"https:\/\/api.w.org\/{rel}","templated":true}]}}