{"id":28009,"date":"2019-12-10T12:26:15","date_gmt":"2019-12-10T15:26:15","guid":{"rendered":"https:\/\/www.fhycs.unam.edu.ar\/portada\/?p=28009"},"modified":"2019-12-10T12:28:34","modified_gmt":"2019-12-10T15:28:34","slug":"10-de-diciembre-dia-del-trabajador-social-en-argentina","status":"publish","type":"post","link":"https:\/\/www.fhycs.unam.edu.ar\/portada\/10-de-diciembre-dia-del-trabajador-social-en-argentina\/","title":{"rendered":"10 de diciembre: D\u00eda del Trabajador\/ra Social en Argentina"},"content":{"rendered":"<p><img loading=\"lazy\" class=\"size-medium wp-image-28011 alignleft\" src=\"https:\/\/www.fhycs.unam.edu.ar\/portada\/wp-content\/uploads\/2019\/12\/bb8f192c-c5c1-4b79-9c99-cc7c3b3816be-300x300.jpg\" alt=\"\" width=\"300\" height=\"300\" srcset=\"https:\/\/www.fhycs.unam.edu.ar\/portada\/wp-content\/uploads\/2019\/12\/bb8f192c-c5c1-4b79-9c99-cc7c3b3816be-300x300.jpg 300w, https:\/\/www.fhycs.unam.edu.ar\/portada\/wp-content\/uploads\/2019\/12\/bb8f192c-c5c1-4b79-9c99-cc7c3b3816be-150x150.jpg 150w, https:\/\/www.fhycs.unam.edu.ar\/portada\/wp-content\/uploads\/2019\/12\/bb8f192c-c5c1-4b79-9c99-cc7c3b3816be-768x768.jpg 768w, https:\/\/www.fhycs.unam.edu.ar\/portada\/wp-content\/uploads\/2019\/12\/bb8f192c-c5c1-4b79-9c99-cc7c3b3816be-1024x1024.jpg 1024w, https:\/\/www.fhycs.unam.edu.ar\/portada\/wp-content\/uploads\/2019\/12\/bb8f192c-c5c1-4b79-9c99-cc7c3b3816be.jpg 1280w\" sizes=\"(max-width: 300px) 100vw, 300px\" \/><\/p>\n<p style=\"text-align: justify;\">El Departamento de Trabajo Social saluda a todxs lxs trabajadores sociales en su d\u00eda, en especial a quienes en contextos de vulnerabilidad luchan por la defensa de los derechos humanos y en pos de una sociedad m\u00e1s justa, atendiendo m\u00faltiples demandas sociales en la vida cotidiana de las personas.<\/p>\n<p style=\"text-align: justify;\">Estamos convencidxs que si bien la realidad se presenta cada vez m\u00e1s compleja y nos exige analizarla en su devenir hist\u00f3rico para entender sus rasgos actuales, la profesi\u00f3n seguir\u00e1 comprometida con promover y fortalecer los derechos humanos para los sectores m\u00e1s desprotegidos de la sociedad. Reivindicando, el papel central de la educaci\u00f3n como dispositivo de inclusi\u00f3n y movilidad social como tambi\u00e9n y necesariamente la idea de un Estado que se asume garante y protector de los derechos Humanos .<\/p>\n","protected":false},"excerpt":{"rendered":"<p>El Departamento de Trabajo Social saluda a todxs lxs trabajadores sociales en su d\u00eda, en especial a quienes en contextos de vulnerabilidad luchan por la defensa de los derechos humanos y en pos de una sociedad m\u00e1s justa, atendiendo m\u00faltiples demandas sociales en la vida cotidiana de las personas. Estamos convencidxs que si bien la [&hellip;]<\/p>\n","protected":false},"author":10,"featured_media":0,"comment_status":"open","ping_status":"closed","sticky":false,"template":"","format":"standard","meta":{"extendify_custom_stylesheet":""},"categories":[42],"tags":[4615],"_links":{"self":[{"href":"https:\/\/www.fhycs.unam.edu.ar\/portada\/wp-json\/wp\/v2\/posts\/28009"}],"collection":[{"href":"https:\/\/www.fhycs.unam.edu.ar\/portada\/wp-json\/wp\/v2\/posts"}],"about":[{"href":"https:\/\/www.fhycs.unam.edu.ar\/portada\/wp-json\/wp\/v2\/types\/post"}],"author":[{"embeddable":true,"href":"https:\/\/www.fhycs.unam.edu.ar\/portada\/wp-json\/wp\/v2\/users\/10"}],"replies":[{"embeddable":true,"href":"https:\/\/www.fhycs.unam.edu.ar\/portada\/wp-json\/wp\/v2\/comments?post=28009"}],"version-history":[{"count":2,"href":"https:\/\/www.fhycs.unam.edu.ar\/portada\/wp-json\/wp\/v2\/posts\/28009\/revisions"}],"predecessor-version":[{"id":28012,"href":"https:\/\/www.fhycs.unam.edu.ar\/portada\/wp-json\/wp\/v2\/posts\/28009\/revisions\/28012"}],"wp:attachment":[{"href":"https:\/\/www.fhycs.unam.edu.ar\/portada\/wp-json\/wp\/v2\/media?parent=28009"}],"wp:term":[{"taxonomy":"category","embeddable":true,"href":"https:\/\/www.fhycs.unam.edu.ar\/portada\/wp-json\/wp\/v2\/categories?post=28009"},{"taxonomy":"post_tag","embeddable":true,"href":"https:\/\/www.fhycs.unam.edu.ar\/portada\/wp-json\/wp\/v2\/tags?post=28009"}],"curies":[{"name":"wp","href":"https:\/\/api.w.org\/{rel}","templated":true}]}}