{"id":28643,"date":"2020-04-06T09:00:12","date_gmt":"2020-04-06T12:00:12","guid":{"rendered":"https:\/\/www.fhycs.unam.edu.ar\/portada\/?p=28643"},"modified":"2020-04-06T10:59:44","modified_gmt":"2020-04-06T13:59:44","slug":"infancias-sin-etiquetas-escuchemos-y-cuidemos-a-lxs-ninxs","status":"publish","type":"post","link":"https:\/\/www.fhycs.unam.edu.ar\/portada\/infancias-sin-etiquetas-escuchemos-y-cuidemos-a-lxs-ninxs\/","title":{"rendered":"\u201cEn este tiempo m\u00e1s que nunca, escuchemos y cuidemos a nuestros ninxs\u201d"},"content":{"rendered":"<p style=\"text-align: justify;\">El <strong>Programa Infancias sin Etiquetas<\/strong> (HCD 263\/14) considera esencial\u00a0 dar la palabra a los ni\u00f1xs, para que cuenten acerca de sus sensaciones, experiencias, sentimientos, pensamientos, gustos y deseos, mucho m\u00e1s en estos tiempos de emergencia sanitaria por el Covid-19. \u201cCuando circula tanta informaci\u00f3n del fen\u00f3meno, indicaciones, solicitudes de cuidados, tareas y trabajos escolares, es primordial generar condiciones para la escucha y\u00a0 el di\u00e1logo de compartir juntxs la experiencia infantil que nos invita al encuentro,\u00a0 a la alteridad, la transmisi\u00f3n, el legado, la donaci\u00f3n, al permanente devenir\u201d, se\u00f1alan y con ese objetivo comparten dos producciones audiovisuales en las que las infancias son protagonistas.<!--more--><\/p>\n<p style=\"text-align: justify;\">El <strong>Programa Infancias sin Etiquetas<\/strong>, de la Secretar\u00eda de Extensi\u00f3n y Vinculaci\u00f3n Tecnol\u00f3gica de la FHyCS, tiene como prop\u00f3sito promover el conocimiento y la difusi\u00f3n de los derechos de los ni\u00f1xs y los j\u00f3venes, generar un espacio de encuentro, reflexi\u00f3n y debate interdisciplinario para reubicar la problem\u00e1tica de los ni\u00f1xs y adolescentes hoy ante el\u00a0 fen\u00f3meno de la patologizaci\u00f3n y medicalizaci\u00f3n, atendiendo a\u00a0 las variables socio-culturales y contribuir a la creaci\u00f3n y difusi\u00f3n de pol\u00edticas p\u00fablicas de salud mental y educaci\u00f3n inclusiva. As\u00ed, desarrollan diversas actividades con la comunidad tendientes a generar los espacios necesarios para llevarlos adelante.<\/p>\n<p>&nbsp;<\/p>\n<p><iframe loading=\"lazy\" src=\"https:\/\/www.youtube.com\/embed\/PSaHVP0RVb4\" width=\"560\" height=\"315\" frameborder=\"0\" allowfullscreen=\"allowfullscreen\"><\/iframe><\/p>\n","protected":false},"excerpt":{"rendered":"<p>El Programa Infancias sin Etiquetas (HCD 263\/14) considera esencial\u00a0 dar la palabra a los ni\u00f1xs, para que cuenten acerca de sus sensaciones, experiencias, sentimientos, pensamientos, gustos y deseos, mucho m\u00e1s en estos tiempos de emergencia sanitaria por el Covid-19. \u201cCuando circula tanta informaci\u00f3n del fen\u00f3meno, indicaciones, solicitudes de cuidados, tareas y trabajos escolares, es primordial [&hellip;]<\/p>\n","protected":false},"author":10,"featured_media":27643,"comment_status":"open","ping_status":"closed","sticky":false,"template":"","format":"standard","meta":{"extendify_custom_stylesheet":""},"categories":[4737,1428,8],"tags":[4738],"_links":{"self":[{"href":"https:\/\/www.fhycs.unam.edu.ar\/portada\/wp-json\/wp\/v2\/posts\/28643"}],"collection":[{"href":"https:\/\/www.fhycs.unam.edu.ar\/portada\/wp-json\/wp\/v2\/posts"}],"about":[{"href":"https:\/\/www.fhycs.unam.edu.ar\/portada\/wp-json\/wp\/v2\/types\/post"}],"author":[{"embeddable":true,"href":"https:\/\/www.fhycs.unam.edu.ar\/portada\/wp-json\/wp\/v2\/users\/10"}],"replies":[{"embeddable":true,"href":"https:\/\/www.fhycs.unam.edu.ar\/portada\/wp-json\/wp\/v2\/comments?post=28643"}],"version-history":[{"count":4,"href":"https:\/\/www.fhycs.unam.edu.ar\/portada\/wp-json\/wp\/v2\/posts\/28643\/revisions"}],"predecessor-version":[{"id":28647,"href":"https:\/\/www.fhycs.unam.edu.ar\/portada\/wp-json\/wp\/v2\/posts\/28643\/revisions\/28647"}],"wp:featuredmedia":[{"embeddable":true,"href":"https:\/\/www.fhycs.unam.edu.ar\/portada\/wp-json\/wp\/v2\/media\/27643"}],"wp:attachment":[{"href":"https:\/\/www.fhycs.unam.edu.ar\/portada\/wp-json\/wp\/v2\/media?parent=28643"}],"wp:term":[{"taxonomy":"category","embeddable":true,"href":"https:\/\/www.fhycs.unam.edu.ar\/portada\/wp-json\/wp\/v2\/categories?post=28643"},{"taxonomy":"post_tag","embeddable":true,"href":"https:\/\/www.fhycs.unam.edu.ar\/portada\/wp-json\/wp\/v2\/tags?post=28643"}],"curies":[{"name":"wp","href":"https:\/\/api.w.org\/{rel}","templated":true}]}}