{"id":28781,"date":"2020-04-30T14:36:56","date_gmt":"2020-04-30T17:36:56","guid":{"rendered":"https:\/\/www.fhycs.unam.edu.ar\/portada\/?p=28781"},"modified":"2020-05-14T19:14:03","modified_gmt":"2020-05-14T22:14:03","slug":"prorroga-de-convocatoria-a-proyectos-y-trabajos-2021-y-convocatoria-a-presentacion-de-informes-2020","status":"publish","type":"post","link":"https:\/\/www.fhycs.unam.edu.ar\/portada\/prorroga-de-convocatoria-a-proyectos-y-trabajos-2021-y-convocatoria-a-presentacion-de-informes-2020\/","title":{"rendered":"Pr\u00f3rroga de Convocatoria a proyectos y trabajos 2021 y convocatoria a presentaci\u00f3n de Informes 2020"},"content":{"rendered":"<p style=\"text-align: justify;\"><img loading=\"lazy\" class=\"size-medium wp-image-28782 alignleft\" src=\"https:\/\/www.fhycs.unam.edu.ar\/portada\/wp-content\/uploads\/2020\/04\/Reloj-Old-300x200.jpg\" alt=\"\" width=\"300\" height=\"200\" srcset=\"https:\/\/www.fhycs.unam.edu.ar\/portada\/wp-content\/uploads\/2020\/04\/Reloj-Old-300x200.jpg 300w, https:\/\/www.fhycs.unam.edu.ar\/portada\/wp-content\/uploads\/2020\/04\/Reloj-Old-768x512.jpg 768w, https:\/\/www.fhycs.unam.edu.ar\/portada\/wp-content\/uploads\/2020\/04\/Reloj-Old.jpg 960w\" sizes=\"(max-width: 300px) 100vw, 300px\" \/>Atentos al problema sanitario imperante en la Argentina, y considerando la necesidad de una mayor estabilidad general para avanzar en las tareas rutinarias, se comunica a los <strong>Docentes-Investigadores<\/strong> que el llamado a <strong>presentaci\u00f3n de actividades cient\u00edfico-tecnol\u00f3gicas anual<\/strong> (Convocatoria a proyectos y trabajos 2021), as\u00ed como la <strong>presentaci\u00f3n de informes anuales<\/strong> (Convocatoria a presentaci\u00f3n de Informes 2020)<strong> ser\u00e1 postergada<\/strong> sin fecha, siendo probable que se avance a partir de Septiembre. No obstante se recomienda a los Directores de proyecto tener actualizados los productos y documentos generados por el programa\/proyecto\/trabajo en el sistema SASPI, ya que la carga de estos indicadores est\u00e1 abierta todo el a\u00f1o. De esta manera se agilizar\u00e1 notablemente la presentaci\u00f3n de informes posteriormente.<!--more--><\/p>\n<p style=\"text-align: justify;\">&#8212;<br \/>\nDr. Pedro Dar\u00edo Zapata<\/p>\n<p style=\"text-align: justify;\">Secretario General de Ciencia y Tecnolog\u00eda<\/p>\n<p style=\"text-align: justify;\">Universidad Nacional de Misiones<\/p>\n<p style=\"text-align: justify;\">\n","protected":false},"excerpt":{"rendered":"<p>Atentos al problema sanitario imperante en la Argentina, y considerando la necesidad de una mayor estabilidad general para avanzar en las tareas rutinarias, se comunica a los Docentes-Investigadores que el llamado a presentaci\u00f3n de actividades cient\u00edfico-tecnol\u00f3gicas anual (Convocatoria a proyectos y trabajos 2021), as\u00ed como la presentaci\u00f3n de informes anuales (Convocatoria a presentaci\u00f3n de Informes [&hellip;]<\/p>\n","protected":false},"author":6,"featured_media":28782,"comment_status":"open","ping_status":"closed","sticky":false,"template":"","format":"standard","meta":{"extendify_custom_stylesheet":""},"categories":[36,794],"tags":[1324,875,2502],"_links":{"self":[{"href":"https:\/\/www.fhycs.unam.edu.ar\/portada\/wp-json\/wp\/v2\/posts\/28781"}],"collection":[{"href":"https:\/\/www.fhycs.unam.edu.ar\/portada\/wp-json\/wp\/v2\/posts"}],"about":[{"href":"https:\/\/www.fhycs.unam.edu.ar\/portada\/wp-json\/wp\/v2\/types\/post"}],"author":[{"embeddable":true,"href":"https:\/\/www.fhycs.unam.edu.ar\/portada\/wp-json\/wp\/v2\/users\/6"}],"replies":[{"embeddable":true,"href":"https:\/\/www.fhycs.unam.edu.ar\/portada\/wp-json\/wp\/v2\/comments?post=28781"}],"version-history":[{"count":2,"href":"https:\/\/www.fhycs.unam.edu.ar\/portada\/wp-json\/wp\/v2\/posts\/28781\/revisions"}],"predecessor-version":[{"id":28784,"href":"https:\/\/www.fhycs.unam.edu.ar\/portada\/wp-json\/wp\/v2\/posts\/28781\/revisions\/28784"}],"wp:featuredmedia":[{"embeddable":true,"href":"https:\/\/www.fhycs.unam.edu.ar\/portada\/wp-json\/wp\/v2\/media\/28782"}],"wp:attachment":[{"href":"https:\/\/www.fhycs.unam.edu.ar\/portada\/wp-json\/wp\/v2\/media?parent=28781"}],"wp:term":[{"taxonomy":"category","embeddable":true,"href":"https:\/\/www.fhycs.unam.edu.ar\/portada\/wp-json\/wp\/v2\/categories?post=28781"},{"taxonomy":"post_tag","embeddable":true,"href":"https:\/\/www.fhycs.unam.edu.ar\/portada\/wp-json\/wp\/v2\/tags?post=28781"}],"curies":[{"name":"wp","href":"https:\/\/api.w.org\/{rel}","templated":true}]}}