{"id":28958,"date":"2020-05-29T00:38:14","date_gmt":"2020-05-29T03:38:14","guid":{"rendered":"https:\/\/www.fhycs.unam.edu.ar\/portada\/?p=28958"},"modified":"2020-05-29T07:58:42","modified_gmt":"2020-05-29T10:58:42","slug":"continuan-las-medidas-de-aislamiento-social-preventivo-y-obligatorio-en-la-unam","status":"publish","type":"post","link":"https:\/\/www.fhycs.unam.edu.ar\/portada\/continuan-las-medidas-de-aislamiento-social-preventivo-y-obligatorio-en-la-unam\/","title":{"rendered":"Contin\u00faan las medidas de aislamiento social preventivo y obligatorio en la UNaM"},"content":{"rendered":"<p style=\"text-align: justify;\"><img loading=\"lazy\" class=\"size-medium wp-image-18939 alignleft\" src=\"https:\/\/www.fhycs.unam.edu.ar\/portada\/wp-content\/uploads\/2017\/12\/Facultad_de_Ciencias_Econ\u00f3micas_UNaM-300x225.jpg\" alt=\"\" width=\"300\" height=\"225\" srcset=\"https:\/\/www.fhycs.unam.edu.ar\/portada\/wp-content\/uploads\/2017\/12\/Facultad_de_Ciencias_Econ\u00f3micas_UNaM-300x225.jpg 300w, https:\/\/www.fhycs.unam.edu.ar\/portada\/wp-content\/uploads\/2017\/12\/Facultad_de_Ciencias_Econ\u00f3micas_UNaM-768x576.jpg 768w, https:\/\/www.fhycs.unam.edu.ar\/portada\/wp-content\/uploads\/2017\/12\/Facultad_de_Ciencias_Econ\u00f3micas_UNaM-1024x768.jpg 1024w, https:\/\/www.fhycs.unam.edu.ar\/portada\/wp-content\/uploads\/2017\/12\/Facultad_de_Ciencias_Econ\u00f3micas_UNaM.jpg 1200w\" sizes=\"(max-width: 300px) 100vw, 300px\" \/>Siguiendo las \u00faltimas disposiciones del Ejecutivo Nacional, que mediante el DNU N\u00b0 463\/2020 extendi\u00f3 el aislamiento social preventivo y obligatorio (ASPO) hasta el d\u00eda 7 de junio inclusive; la Rectora de la Universidad Nacional de Misiones, <strong>Mgter. Alicia Bohren<\/strong>, resolvi\u00f3 prorrogar la vigencia de la Res. Rectoral N\u00b0 0143\/2020 que rige las medidas del ASPO en la UNaM (<a href=\"https:\/\/www.fhycs.unam.edu.ar\/portada\/wp-content\/uploads\/2020\/05\/Res-206_2020-Prorroga-Supension.docx.pdf\" target=\"_blank\" rel=\"noopener noreferrer\">Res. N\u00b0 0206\/2020<\/a>).<!--more--><\/p>\n<p style=\"text-align: justify;\">Por tanto, las actividades acad\u00e9micas de clases y ex\u00e1menes presenciales contin\u00faan suspendidas durante la vigencia del aislamiento social preventivo y obligatorio. Seguimos cuid\u00e1ndonos y cuid\u00e1ndote.<\/p>\n<blockquote>\n<h4>Ver Resoluci\u00f3n<\/h4>\n<\/blockquote>\n<p style=\"text-align: justify;\"><iframe src=\"\/\/docs.google.com\/viewer?url=https%3A%2F%2Fwww.fhycs.unam.edu.ar%2Fportada%2Fwp-content%2Fuploads%2F2020%2F05%2FRes-206_2020-Prorroga-Supension.docx.pdf&hl=es&embedded=true\" class=\"gde-frame\" style=\"width:100%; height:500px; border: none;\" scrolling=\"no\"><\/iframe>\n<p class=\"gde-text\"><a href=\"https:\/\/www.fhycs.unam.edu.ar\/portada\/wp-content\/uploads\/2020\/05\/Res-206_2020-Prorroga-Supension.docx.pdf\" class=\"gde-link\">Descargar (PDF, Desconocido)<\/a><\/p><\/p>\n","protected":false},"excerpt":{"rendered":"<p>Siguiendo las \u00faltimas disposiciones del Ejecutivo Nacional, que mediante el DNU N\u00b0 463\/2020 extendi\u00f3 el aislamiento social preventivo y obligatorio (ASPO) hasta el d\u00eda 7 de junio inclusive; la Rectora de la Universidad Nacional de Misiones, Mgter. Alicia Bohren, resolvi\u00f3 prorrogar la vigencia de la Res. Rectoral N\u00b0 0143\/2020 que rige las medidas del ASPO [&hellip;]<\/p>\n","protected":false},"author":10,"featured_media":28456,"comment_status":"open","ping_status":"closed","sticky":false,"template":"","format":"standard","meta":{"extendify_custom_stylesheet":""},"categories":[1],"tags":[4811],"_links":{"self":[{"href":"https:\/\/www.fhycs.unam.edu.ar\/portada\/wp-json\/wp\/v2\/posts\/28958"}],"collection":[{"href":"https:\/\/www.fhycs.unam.edu.ar\/portada\/wp-json\/wp\/v2\/posts"}],"about":[{"href":"https:\/\/www.fhycs.unam.edu.ar\/portada\/wp-json\/wp\/v2\/types\/post"}],"author":[{"embeddable":true,"href":"https:\/\/www.fhycs.unam.edu.ar\/portada\/wp-json\/wp\/v2\/users\/10"}],"replies":[{"embeddable":true,"href":"https:\/\/www.fhycs.unam.edu.ar\/portada\/wp-json\/wp\/v2\/comments?post=28958"}],"version-history":[{"count":4,"href":"https:\/\/www.fhycs.unam.edu.ar\/portada\/wp-json\/wp\/v2\/posts\/28958\/revisions"}],"predecessor-version":[{"id":28969,"href":"https:\/\/www.fhycs.unam.edu.ar\/portada\/wp-json\/wp\/v2\/posts\/28958\/revisions\/28969"}],"wp:featuredmedia":[{"embeddable":true,"href":"https:\/\/www.fhycs.unam.edu.ar\/portada\/wp-json\/wp\/v2\/media\/28456"}],"wp:attachment":[{"href":"https:\/\/www.fhycs.unam.edu.ar\/portada\/wp-json\/wp\/v2\/media?parent=28958"}],"wp:term":[{"taxonomy":"category","embeddable":true,"href":"https:\/\/www.fhycs.unam.edu.ar\/portada\/wp-json\/wp\/v2\/categories?post=28958"},{"taxonomy":"post_tag","embeddable":true,"href":"https:\/\/www.fhycs.unam.edu.ar\/portada\/wp-json\/wp\/v2\/tags?post=28958"}],"curies":[{"name":"wp","href":"https:\/\/api.w.org\/{rel}","templated":true}]}}