{"id":29203,"date":"2020-07-01T05:46:40","date_gmt":"2020-07-01T08:46:40","guid":{"rendered":"https:\/\/www.fhycs.unam.edu.ar\/portada\/?p=29203"},"modified":"2020-07-01T05:46:40","modified_gmt":"2020-07-01T08:46:40","slug":"proyecto-de-extension-estamos-ha-siendo-trabajo-social","status":"publish","type":"post","link":"https:\/\/www.fhycs.unam.edu.ar\/portada\/proyecto-de-extension-estamos-ha-siendo-trabajo-social\/","title":{"rendered":"Proyecto de Extensi\u00f3n: &#8220;Estamos Ha-Siendo Trabajo Social&#8221;"},"content":{"rendered":"<p style=\"text-align: justify;\">En este video la Prof. Marta Esp\u00ednola (FHyCS-UNaM) expone las actividades que se llevan a cabo en el marco de este proyecto de extensi\u00f3n, encarado desde el Departamento de la Licenciatura en Trabajo Social y que busca coordinar las charlas, cursos, talleres, seminarios, etc., que se implementan desde dicha Carrera, para ofrecer una mejor formaci\u00f3n, vinculaci\u00f3n con la sociedad y articulaci\u00f3n con profesionales del medio.<!--more--><\/p>\n<p class=\"post-title\" style=\"text-align: justify;\"><a title=\"Permanent Link to Reflexiones en torno a la extensi\u00f3n universitaria y sus potencialidades en la pospandemia\" href=\"https:\/\/www.fhycs.unam.edu.ar\/portada\/serie-reflexiones-en-torno-a-la-extension-universitaria-y-sus-potencialidades-en-la-pospandemia\/\" rel=\"bookmark\">Reflexiones en torno a la extensi\u00f3n universitaria y sus potencialidades en la pospandemia<\/a><\/p>\n<p style=\"text-align: justify;\">El actual escenario nacional de aislamiento social, preventivo y obligatorio llev\u00f3 a replantear el modo como hasta hace poco tiempo se realizaban diversas actividades, de toda \u00edndole; entre ellas, las actividades de extensi\u00f3n universitaria debieron reformularse de acuerdo a las exigencias y necesidades de estos tiempos particulares.<br \/>\nA fin de aportar a la reflexi\u00f3n sobre estos procesos, la Secretar\u00eda de Extensi\u00f3n y V.T. de la FHyCS, inicia una serie de producciones audiovisuales con directores de proyectos, docentes, estudiantes y graduados extensionistas quienes comentan las actividades que realizaron en 2019 en el marco de sus proyectos as\u00ed como sus perspectivas sobre la extensi\u00f3n universitaria con vistas hacia la pospandemia.<\/p>\n","protected":false},"excerpt":{"rendered":"<p>En este video la Prof. Marta Esp\u00ednola (FHyCS-UNaM) expone las actividades que se llevan a cabo en el marco de este proyecto de extensi\u00f3n, encarado desde el Departamento de la Licenciatura en Trabajo Social y que busca coordinar las charlas, cursos, talleres, seminarios, etc., que se implementan desde dicha Carrera, para ofrecer una mejor formaci\u00f3n, [&hellip;]<\/p>\n","protected":false},"author":10,"featured_media":0,"comment_status":"open","ping_status":"closed","sticky":false,"template":"","format":"standard","meta":{"extendify_custom_stylesheet":""},"categories":[1428,8],"tags":[4880],"_links":{"self":[{"href":"https:\/\/www.fhycs.unam.edu.ar\/portada\/wp-json\/wp\/v2\/posts\/29203"}],"collection":[{"href":"https:\/\/www.fhycs.unam.edu.ar\/portada\/wp-json\/wp\/v2\/posts"}],"about":[{"href":"https:\/\/www.fhycs.unam.edu.ar\/portada\/wp-json\/wp\/v2\/types\/post"}],"author":[{"embeddable":true,"href":"https:\/\/www.fhycs.unam.edu.ar\/portada\/wp-json\/wp\/v2\/users\/10"}],"replies":[{"embeddable":true,"href":"https:\/\/www.fhycs.unam.edu.ar\/portada\/wp-json\/wp\/v2\/comments?post=29203"}],"version-history":[{"count":1,"href":"https:\/\/www.fhycs.unam.edu.ar\/portada\/wp-json\/wp\/v2\/posts\/29203\/revisions"}],"predecessor-version":[{"id":29204,"href":"https:\/\/www.fhycs.unam.edu.ar\/portada\/wp-json\/wp\/v2\/posts\/29203\/revisions\/29204"}],"wp:attachment":[{"href":"https:\/\/www.fhycs.unam.edu.ar\/portada\/wp-json\/wp\/v2\/media?parent=29203"}],"wp:term":[{"taxonomy":"category","embeddable":true,"href":"https:\/\/www.fhycs.unam.edu.ar\/portada\/wp-json\/wp\/v2\/categories?post=29203"},{"taxonomy":"post_tag","embeddable":true,"href":"https:\/\/www.fhycs.unam.edu.ar\/portada\/wp-json\/wp\/v2\/tags?post=29203"}],"curies":[{"name":"wp","href":"https:\/\/api.w.org\/{rel}","templated":true}]}}