{"id":29205,"date":"2020-07-02T14:02:38","date_gmt":"2020-07-02T17:02:38","guid":{"rendered":"https:\/\/www.fhycs.unam.edu.ar\/portada\/?p=29205"},"modified":"2020-07-02T15:38:30","modified_gmt":"2020-07-02T18:38:30","slug":"acceso-a-internet-en-albergues-estudiantiles","status":"publish","type":"post","link":"https:\/\/www.fhycs.unam.edu.ar\/portada\/acceso-a-internet-en-albergues-estudiantiles\/","title":{"rendered":"Acceso a Internet en albergues estudiantiles"},"content":{"rendered":"<p><img loading=\"lazy\" class=\" wp-image-29216 aligncenter\" src=\"https:\/\/www.fhycs.unam.edu.ar\/portada\/wp-content\/uploads\/2020\/07\/computadora-300x225.jpg\" alt=\"\" width=\"1200\" height=\"900\" srcset=\"https:\/\/www.fhycs.unam.edu.ar\/portada\/wp-content\/uploads\/2020\/07\/computadora-300x225.jpg 300w, https:\/\/www.fhycs.unam.edu.ar\/portada\/wp-content\/uploads\/2020\/07\/computadora-768x576.jpg 768w, https:\/\/www.fhycs.unam.edu.ar\/portada\/wp-content\/uploads\/2020\/07\/computadora.jpg 1024w\" sizes=\"(max-width: 1200px) 100vw, 1200px\" \/><\/p>\n<p style=\"text-align: justify;\">Atendiendo las pol\u00edticas prioritaras de inclusi\u00f3n y accesibilidad a la conectividad en el marco extraordinario de la p<strong>and\u00e9mica<\/strong> por <strong>covid-19<\/strong>, la <strong>Gesti\u00f3n Institucional<\/strong> de la <strong>Facultad de Humanidades y Ciencias Sociales<\/strong>,<strong> instal\u00f3 Internet en los albergues estudiantiles<\/strong>, llevado a cabo el primero de julio del corriente a\u00f1o, por parte de la <strong>Secretar\u00eda y Direcci\u00f3n de Bienestar Estudiantil<\/strong> en colaboraci\u00f3n con la <strong>Direcci\u00f3n de Inform\u00e1tica<\/strong> de nuestra instituci\u00f3n.<br \/>\nEsta acci\u00f3n tiene como objetivo principal <strong>facilitar la accesibilidad y la conectividad a los estudiantes albergados<\/strong>, entendiendo esto como un derecho social educativo, as\u00ed reafirmamos nuestra l\u00ednea de pol\u00edticas orientadas a la permanencia y graduaci\u00f3n de los y las estudiantes.<\/p>\n","protected":false},"excerpt":{"rendered":"<p>Atendiendo las pol\u00edticas prioritaras de inclusi\u00f3n y accesibilidad a la conectividad en el marco extraordinario de la pand\u00e9mica por covid-19, la Gesti\u00f3n Institucional de la Facultad de Humanidades y Ciencias Sociales, instal\u00f3 Internet en los albergues estudiantiles, llevado a cabo el primero de julio del corriente a\u00f1o, por parte de la Secretar\u00eda y Direcci\u00f3n de [&hellip;]<\/p>\n","protected":false},"author":25,"featured_media":29216,"comment_status":"open","ping_status":"closed","sticky":false,"template":"","format":"standard","meta":{"extendify_custom_stylesheet":""},"categories":[4723,1886],"tags":[678,4886,4840,216,5,4831,827,4885,4314],"_links":{"self":[{"href":"https:\/\/www.fhycs.unam.edu.ar\/portada\/wp-json\/wp\/v2\/posts\/29205"}],"collection":[{"href":"https:\/\/www.fhycs.unam.edu.ar\/portada\/wp-json\/wp\/v2\/posts"}],"about":[{"href":"https:\/\/www.fhycs.unam.edu.ar\/portada\/wp-json\/wp\/v2\/types\/post"}],"author":[{"embeddable":true,"href":"https:\/\/www.fhycs.unam.edu.ar\/portada\/wp-json\/wp\/v2\/users\/25"}],"replies":[{"embeddable":true,"href":"https:\/\/www.fhycs.unam.edu.ar\/portada\/wp-json\/wp\/v2\/comments?post=29205"}],"version-history":[{"count":2,"href":"https:\/\/www.fhycs.unam.edu.ar\/portada\/wp-json\/wp\/v2\/posts\/29205\/revisions"}],"predecessor-version":[{"id":29217,"href":"https:\/\/www.fhycs.unam.edu.ar\/portada\/wp-json\/wp\/v2\/posts\/29205\/revisions\/29217"}],"wp:featuredmedia":[{"embeddable":true,"href":"https:\/\/www.fhycs.unam.edu.ar\/portada\/wp-json\/wp\/v2\/media\/29216"}],"wp:attachment":[{"href":"https:\/\/www.fhycs.unam.edu.ar\/portada\/wp-json\/wp\/v2\/media?parent=29205"}],"wp:term":[{"taxonomy":"category","embeddable":true,"href":"https:\/\/www.fhycs.unam.edu.ar\/portada\/wp-json\/wp\/v2\/categories?post=29205"},{"taxonomy":"post_tag","embeddable":true,"href":"https:\/\/www.fhycs.unam.edu.ar\/portada\/wp-json\/wp\/v2\/tags?post=29205"}],"curies":[{"name":"wp","href":"https:\/\/api.w.org\/{rel}","templated":true}]}}