{"id":29601,"date":"2020-09-03T20:00:16","date_gmt":"2020-09-03T23:00:16","guid":{"rendered":"https:\/\/www.fhycs.unam.edu.ar\/portada\/?p=29601"},"modified":"2020-09-03T20:00:16","modified_gmt":"2020-09-03T23:00:16","slug":"tercera-edicion-del-club-de-narradores-orales-con-una-propuesta-abierta-a-toda-la-comunidad","status":"publish","type":"post","link":"https:\/\/www.fhycs.unam.edu.ar\/portada\/tercera-edicion-del-club-de-narradores-orales-con-una-propuesta-abierta-a-toda-la-comunidad\/","title":{"rendered":"Tercera edici\u00f3n del Club de narradores orales con una propuesta abierta a toda la comunidad"},"content":{"rendered":"<p><img loading=\"lazy\" class=\"size-medium wp-image-29576 alignleft\" src=\"https:\/\/www.fhycs.unam.edu.ar\/portada\/wp-content\/uploads\/2020\/09\/115936737_313715189989584_6281118715761811832_o-300x169.jpg\" alt=\"\" width=\"300\" height=\"169\" srcset=\"https:\/\/www.fhycs.unam.edu.ar\/portada\/wp-content\/uploads\/2020\/09\/115936737_313715189989584_6281118715761811832_o-300x169.jpg 300w, https:\/\/www.fhycs.unam.edu.ar\/portada\/wp-content\/uploads\/2020\/09\/115936737_313715189989584_6281118715761811832_o-768x431.jpg 768w, https:\/\/www.fhycs.unam.edu.ar\/portada\/wp-content\/uploads\/2020\/09\/115936737_313715189989584_6281118715761811832_o-1024x575.jpg 1024w, https:\/\/www.fhycs.unam.edu.ar\/portada\/wp-content\/uploads\/2020\/09\/115936737_313715189989584_6281118715761811832_o.jpg 1280w\" sizes=\"(max-width: 300px) 100vw, 300px\" \/><\/p>\n<p style=\"text-align: justify;\">El curso inicia el s\u00e1bado 19 de septiembre. Ser\u00e1n dos encuentros semanales con una duraci\u00f3n de tres horas donde se trabajar\u00e1n los siguientes temas: oralidad y literatura, las historias autobiogr\u00e1ficas, los recursos de los narradores\/as orales, la voz y el cuerpo al momento de contar.<!--more--><\/p>\n<blockquote>\n<h4 style=\"text-align: right;\"><span style=\"color: #008080;\">Inscripciones abiertas a esta novedosa propuesta que comenzar\u00e1 a desarrollarse a partir del 19 de septiembre y tendr\u00e1 una duraci\u00f3n de tres meses y contar\u00e1 con invitados\/as especiales para los encuentros. <\/span><\/h4>\n<p style=\"text-align: right;\"><a href=\"https:\/\/docs.google.com\/forms\/d\/e\/1FAIpQLSfsbe4Dvu5dzofZpzx7XosNDO3lm9duxW4iGdXi_IIRr5dAPA\/viewform?usp=sf_link\" target=\"_blank\" rel=\"noopener noreferrer\">INSCRIPCI\u00d3N AQU\u00cd<\/a><\/p>\n<\/blockquote>\n<p style=\"text-align: justify;\">Este proyecto de extensi\u00f3n cuenta con el aval de la Facultad de Humanidades y Ciencias Sociales (Universidad Nacional de Misiones) y est\u00e1 destinado a todo p\u00fablico -especialmente a quienes desean incursionar en la narraci\u00f3n oral o llevarla a sus espacios de interacci\u00f3n: la escuela, el hospital, el barrio, la casa, o el escenario-.<\/p>\n<p><strong>Equipo<\/strong><\/p>\n<p><strong>Marita Santos<\/strong><\/p>\n<p>Narradora oral &#8211; M\u00e1ster en Libros y Literatura para ni\u00f1os y j\u00f3venes (UAB)<\/p>\n<p><strong>Guillermo Castiglioni<\/strong><\/p>\n<p>Mag\u00edster en Antropolog\u00eda Social (UNaM)<\/p>\n<p><strong>Alexis Rasft\u00f3polo<\/strong><\/p>\n<p>Doctor en Comunicaci\u00f3n Social (UNC)<\/p>\n<p><strong>Marcos Tassi<\/strong><\/p>\n<p>Lic. en Comunicaci\u00f3n Social<\/p>\n","protected":false},"excerpt":{"rendered":"<p>El curso inicia el s\u00e1bado 19 de septiembre. Ser\u00e1n dos encuentros semanales con una duraci\u00f3n de tres horas donde se trabajar\u00e1n los siguientes temas: oralidad y literatura, las historias autobiogr\u00e1ficas, los recursos de los narradores\/as orales, la voz y el cuerpo al momento de contar.<\/p>\n","protected":false},"author":10,"featured_media":29602,"comment_status":"open","ping_status":"closed","sticky":false,"template":"","format":"standard","meta":{"extendify_custom_stylesheet":""},"categories":[35],"tags":[5,4989],"_links":{"self":[{"href":"https:\/\/www.fhycs.unam.edu.ar\/portada\/wp-json\/wp\/v2\/posts\/29601"}],"collection":[{"href":"https:\/\/www.fhycs.unam.edu.ar\/portada\/wp-json\/wp\/v2\/posts"}],"about":[{"href":"https:\/\/www.fhycs.unam.edu.ar\/portada\/wp-json\/wp\/v2\/types\/post"}],"author":[{"embeddable":true,"href":"https:\/\/www.fhycs.unam.edu.ar\/portada\/wp-json\/wp\/v2\/users\/10"}],"replies":[{"embeddable":true,"href":"https:\/\/www.fhycs.unam.edu.ar\/portada\/wp-json\/wp\/v2\/comments?post=29601"}],"version-history":[{"count":1,"href":"https:\/\/www.fhycs.unam.edu.ar\/portada\/wp-json\/wp\/v2\/posts\/29601\/revisions"}],"predecessor-version":[{"id":29603,"href":"https:\/\/www.fhycs.unam.edu.ar\/portada\/wp-json\/wp\/v2\/posts\/29601\/revisions\/29603"}],"wp:featuredmedia":[{"embeddable":true,"href":"https:\/\/www.fhycs.unam.edu.ar\/portada\/wp-json\/wp\/v2\/media\/29602"}],"wp:attachment":[{"href":"https:\/\/www.fhycs.unam.edu.ar\/portada\/wp-json\/wp\/v2\/media?parent=29601"}],"wp:term":[{"taxonomy":"category","embeddable":true,"href":"https:\/\/www.fhycs.unam.edu.ar\/portada\/wp-json\/wp\/v2\/categories?post=29601"},{"taxonomy":"post_tag","embeddable":true,"href":"https:\/\/www.fhycs.unam.edu.ar\/portada\/wp-json\/wp\/v2\/tags?post=29601"}],"curies":[{"name":"wp","href":"https:\/\/api.w.org\/{rel}","templated":true}]}}