{"id":29765,"date":"2020-09-21T14:06:36","date_gmt":"2020-09-21T17:06:36","guid":{"rendered":"https:\/\/www.fhycs.unam.edu.ar\/portada\/?p=29765"},"modified":"2020-09-21T14:06:36","modified_gmt":"2020-09-21T17:06:36","slug":"pandemia-de-preguntas-algunas-reflexiones-sobre-educacion-y-tecnologia","status":"publish","type":"post","link":"https:\/\/www.fhycs.unam.edu.ar\/portada\/pandemia-de-preguntas-algunas-reflexiones-sobre-educacion-y-tecnologia\/","title":{"rendered":"Pandemia de preguntas. Algunas reflexiones sobre Educaci\u00f3n y Tecnolog\u00eda"},"content":{"rendered":"<p><img loading=\"lazy\" class=\"wp-image-29768 aligncenter\" src=\"https:\/\/www.fhycs.unam.edu.ar\/portada\/wp-content\/uploads\/2020\/09\/red-solidaria-300x169.jpg\" alt=\"\" width=\"682\" height=\"384\" srcset=\"https:\/\/www.fhycs.unam.edu.ar\/portada\/wp-content\/uploads\/2020\/09\/red-solidaria-300x169.jpg 300w, https:\/\/www.fhycs.unam.edu.ar\/portada\/wp-content\/uploads\/2020\/09\/red-solidaria-768x432.jpg 768w, https:\/\/www.fhycs.unam.edu.ar\/portada\/wp-content\/uploads\/2020\/09\/red-solidaria-1024x576.jpg 1024w, https:\/\/www.fhycs.unam.edu.ar\/portada\/wp-content\/uploads\/2020\/09\/red-solidaria.jpg 1280w\" sizes=\"(max-width: 682px) 100vw, 682px\" \/><\/p>\n<p style=\"text-align: justify;\">Dando continuidad a las capacitaciones organizadas desde el Programa Red Solidaria de Formaci\u00f3n se realizar\u00e1 una nueva conferencia titulada: <strong>&#8220;Pandemia de preguntas. Algunas reflexiones sobre Educaci\u00f3n y Tecnolog\u00eda.&#8221;<\/strong>, a cargo del <strong>Dr. Dar\u00edo Sandrone<\/strong> y el <strong>Ing. Miguel Angel Ferreras<\/strong> de la Unversidad Nacional de C\u00f3rdoba.<!--more--><\/p>\n<blockquote>\n<h4 style=\"text-align: right;\"><span style=\"color: #008080;\">La misma se realizar\u00e1 el martes 22 de septiembre a las 17:00 hs y se podr\u00e1 seguir a trav\u00e9s del Canal de YotuTube de la Secretar\u00eda General Acad\u00e9mica de la UNaM (<a style=\"color: #008080;\" href=\"https:\/\/youtu.be\/rW0j63IxtmM\" target=\"_blank\" rel=\"noopener noreferrer\">ENLACE AL DIRECTO<\/a>).<\/span><\/h4>\n<h4 style=\"text-align: right;\"><span style=\"color: #008080;\">La charla, libre y gratuita y a trav\u00e9s del chat de YouTube se podr\u00e1n hacer consultas y comentarios.<\/span><\/h4>\n<\/blockquote>\n<p><strong>Sobre la Red<\/strong><\/p>\n<p style=\"text-align: justify; padding-left: 40px;\">La Red inicia sus primeros seminarios web en mayo de 2020 y, desde junio, se han sumado a esta iniciativa la Universidad Nacional de Quilmes, el Ministerio de Educaci\u00f3n, Ciencia y Tecnolog\u00eda de la Provincia de Misiones, el Consejo General de Educaci\u00f3n, la Universidad Gast\u00f3n Dachary, la Universidad Nacional del Alto Uruguay, la Universidad Cat\u00f3lica de las Misiones y recientemente ha solicitado integrarse a la red, la Universidad Nacional de Catamarca. Asimismo fue declarada de Inter\u00e9s Provincial por la C\u00e1mara de Representantes de la Provincia de Misiones<br \/>\nHasta el momento se realizaron 20 seminarios virtuales que puede volver a ver <a href=\"https:\/\/www.youtube.com\/channel\/UCoErEshxTfi06CcnSndU-7Q\" target=\"_blank\" rel=\"noopener noreferrer\">AQU\u00cd<\/a><\/p>\n<p style=\"text-align: justify; padding-left: 40px;\">Fuente: <a href=\"https:\/\/www.unam.edu.ar\/index.php\/66-noticias\/noticias-inicio\/300-una-red-para-expandir-conocimientos\" target=\"_blank\" rel=\"noopener noreferrer\">p\u00e1gina de la UNaM<\/a><\/p>\n","protected":false},"excerpt":{"rendered":"<p>Dando continuidad a las capacitaciones organizadas desde el Programa Red Solidaria de Formaci\u00f3n se realizar\u00e1 una nueva conferencia titulada: &#8220;Pandemia de preguntas. Algunas reflexiones sobre Educaci\u00f3n y Tecnolog\u00eda.&#8221;, a cargo del Dr. Dar\u00edo Sandrone y el Ing. Miguel Angel Ferreras de la Unversidad Nacional de C\u00f3rdoba.<\/p>\n","protected":false},"author":10,"featured_media":0,"comment_status":"open","ping_status":"closed","sticky":false,"template":"","format":"standard","meta":{"extendify_custom_stylesheet":""},"categories":[1],"tags":[5,5001],"_links":{"self":[{"href":"https:\/\/www.fhycs.unam.edu.ar\/portada\/wp-json\/wp\/v2\/posts\/29765"}],"collection":[{"href":"https:\/\/www.fhycs.unam.edu.ar\/portada\/wp-json\/wp\/v2\/posts"}],"about":[{"href":"https:\/\/www.fhycs.unam.edu.ar\/portada\/wp-json\/wp\/v2\/types\/post"}],"author":[{"embeddable":true,"href":"https:\/\/www.fhycs.unam.edu.ar\/portada\/wp-json\/wp\/v2\/users\/10"}],"replies":[{"embeddable":true,"href":"https:\/\/www.fhycs.unam.edu.ar\/portada\/wp-json\/wp\/v2\/comments?post=29765"}],"version-history":[{"count":4,"href":"https:\/\/www.fhycs.unam.edu.ar\/portada\/wp-json\/wp\/v2\/posts\/29765\/revisions"}],"predecessor-version":[{"id":29770,"href":"https:\/\/www.fhycs.unam.edu.ar\/portada\/wp-json\/wp\/v2\/posts\/29765\/revisions\/29770"}],"wp:attachment":[{"href":"https:\/\/www.fhycs.unam.edu.ar\/portada\/wp-json\/wp\/v2\/media?parent=29765"}],"wp:term":[{"taxonomy":"category","embeddable":true,"href":"https:\/\/www.fhycs.unam.edu.ar\/portada\/wp-json\/wp\/v2\/categories?post=29765"},{"taxonomy":"post_tag","embeddable":true,"href":"https:\/\/www.fhycs.unam.edu.ar\/portada\/wp-json\/wp\/v2\/tags?post=29765"}],"curies":[{"name":"wp","href":"https:\/\/api.w.org\/{rel}","templated":true}]}}