{"id":29907,"date":"2020-10-21T09:26:19","date_gmt":"2020-10-21T12:26:19","guid":{"rendered":"https:\/\/www.fhycs.unam.edu.ar\/portada\/?p=29907"},"modified":"2020-10-21T09:39:42","modified_gmt":"2020-10-21T12:39:42","slug":"entrega-de-diplomas-y-analiticos-a-graduados-que-residen-en-la-provincia-de-misiones","status":"publish","type":"post","link":"https:\/\/www.fhycs.unam.edu.ar\/portada\/entrega-de-diplomas-y-analiticos-a-graduados-que-residen-en-la-provincia-de-misiones\/","title":{"rendered":"Entrega de diplomas y anal\u00edticos a graduados que residen en la provincia de Misiones"},"content":{"rendered":"<p style=\"text-align: justify;\"><img loading=\"lazy\" class=\" wp-image-29909 aligncenter\" src=\"https:\/\/www.fhycs.unam.edu.ar\/portada\/wp-content\/uploads\/2020\/10\/primer-plano-mano-estampado-sello-goma-documentos-concepto-negocio_43058-335-300x200.jpg\" alt=\"\" width=\"893\" height=\"595\" srcset=\"https:\/\/www.fhycs.unam.edu.ar\/portada\/wp-content\/uploads\/2020\/10\/primer-plano-mano-estampado-sello-goma-documentos-concepto-negocio_43058-335-300x200.jpg 300w, https:\/\/www.fhycs.unam.edu.ar\/portada\/wp-content\/uploads\/2020\/10\/primer-plano-mano-estampado-sello-goma-documentos-concepto-negocio_43058-335.jpg 626w\" sizes=\"(max-width: 893px) 100vw, 893px\" \/>Las autoridades de la <strong>Facultad de Humanidades y Ciencias Sociales<\/strong>, <strong>atendiendo la actual situaci\u00f3n sanitaria por la pandemia<\/strong>, estamos planificando con los <strong>Responsables de Gesti\u00f3n de\u00a0 T\u00edtulos<\/strong> <strong>brindar un nuevo servicio de entrega<\/strong> de <strong>Diplomas y Certificados Anal\u00edticos<\/strong>, y para ello elaboraremos un cronograma para el mes de noviembre del corriente a\u00f1o.<!--more--><\/p>\n<p style=\"text-align: justify;\"><strong>Se prev\u00e9 realizar la entrega en \u00a0diferentes localidades de la provincia<\/strong>, a quienes tengan el tr\u00e1mite finalizado y no puedan trasladarse a Posadas para retirarlo.<\/p>\n<p style=\"text-align: justify;\">Para acceder a este nuevo servicio, \u00a0les solicitamos a los graduados que residen en la Provincia de Misiones, <strong>env\u00eden sus datos personales y la \u00a0localidad de residencia al correo<\/strong>:<a href=\"mailto:gestionretirodiplomas@gmail.com\">gestionretirodiplomas@gmail.com<\/a><\/p>\n<p style=\"text-align: justify;\">En esta primera etapa, los correos podr\u00e1n mandar <strong>hasta el 31 de Octubre de 2020<\/strong>, para organizar el cronograma del mes de noviembre\/20.<\/p>\n<p>&nbsp;<\/p>\n","protected":false},"excerpt":{"rendered":"<p>Las autoridades de la Facultad de Humanidades y Ciencias Sociales, atendiendo la actual situaci\u00f3n sanitaria por la pandemia, estamos planificando con los Responsables de Gesti\u00f3n de\u00a0 T\u00edtulos brindar un nuevo servicio de entrega de Diplomas y Certificados Anal\u00edticos, y para ello elaboraremos un cronograma para el mes de noviembre del corriente a\u00f1o.<\/p>\n","protected":false},"author":25,"featured_media":29911,"comment_status":"open","ping_status":"closed","sticky":false,"template":"","format":"standard","meta":{"extendify_custom_stylesheet":""},"categories":[1],"tags":[5028,5027,5026,250],"_links":{"self":[{"href":"https:\/\/www.fhycs.unam.edu.ar\/portada\/wp-json\/wp\/v2\/posts\/29907"}],"collection":[{"href":"https:\/\/www.fhycs.unam.edu.ar\/portada\/wp-json\/wp\/v2\/posts"}],"about":[{"href":"https:\/\/www.fhycs.unam.edu.ar\/portada\/wp-json\/wp\/v2\/types\/post"}],"author":[{"embeddable":true,"href":"https:\/\/www.fhycs.unam.edu.ar\/portada\/wp-json\/wp\/v2\/users\/25"}],"replies":[{"embeddable":true,"href":"https:\/\/www.fhycs.unam.edu.ar\/portada\/wp-json\/wp\/v2\/comments?post=29907"}],"version-history":[{"count":4,"href":"https:\/\/www.fhycs.unam.edu.ar\/portada\/wp-json\/wp\/v2\/posts\/29907\/revisions"}],"predecessor-version":[{"id":29913,"href":"https:\/\/www.fhycs.unam.edu.ar\/portada\/wp-json\/wp\/v2\/posts\/29907\/revisions\/29913"}],"wp:featuredmedia":[{"embeddable":true,"href":"https:\/\/www.fhycs.unam.edu.ar\/portada\/wp-json\/wp\/v2\/media\/29911"}],"wp:attachment":[{"href":"https:\/\/www.fhycs.unam.edu.ar\/portada\/wp-json\/wp\/v2\/media?parent=29907"}],"wp:term":[{"taxonomy":"category","embeddable":true,"href":"https:\/\/www.fhycs.unam.edu.ar\/portada\/wp-json\/wp\/v2\/categories?post=29907"},{"taxonomy":"post_tag","embeddable":true,"href":"https:\/\/www.fhycs.unam.edu.ar\/portada\/wp-json\/wp\/v2\/tags?post=29907"}],"curies":[{"name":"wp","href":"https:\/\/api.w.org\/{rel}","templated":true}]}}