{"id":30446,"date":"2021-02-26T20:20:04","date_gmt":"2021-02-26T23:20:04","guid":{"rendered":"https:\/\/www.fhycs.unam.edu.ar\/portada\/?p=30446"},"modified":"2021-03-02T12:03:11","modified_gmt":"2021-03-02T15:03:11","slug":"calendario-2021","status":"publish","type":"post","link":"https:\/\/www.fhycs.unam.edu.ar\/portada\/calendario-2021\/","title":{"rendered":"Calendario 2021"},"content":{"rendered":"<h2><span style=\"color: #0071bc;\"><strong>Clases<\/strong><\/span><\/h2>\n<ul style=\"list-style-type: square;\">\n<li class=\"p1\"><b>Inscripci\u00f3n a Materias Anuales y del Primer Cuatrimestre <\/b><\/li>\n<\/ul>\n<p class=\"p1\"><i>\u00a0 \u00a0 \u00a0 \u00a0 \u00a022\/03\/21 al 30\/04\/2021 <\/i><\/p>\n<ul style=\"list-style-type: square;\">\n<li class=\"p1\"><b>Asignaci\u00f3n de Plataformas, enlaces de Aulas y Horarios<\/b>:<\/li>\n<\/ul>\n<p class=\"p1\">\u00a0 \u00a0 \u00a0 \u00a0 Desde el 19 de Abril 2021<\/p>\n<ul style=\"list-style-type: square;\">\n<li class=\"p1\"><b>Dictado de Clases del Primer Cuatrimestre 03<\/b>\/05\/2021 al 30\/07\/2021<\/li>\n<li class=\"p1\"><b>Inscripci\u00f3n a Materias del Segundo Cuatrimestre <\/b><\/li>\n<\/ul>\n<p class=\"p1\"><i>\u00a0 \u00a0 \u00a0 \u00a0 \u00a002\/08\/2021 <\/i><\/p>\n<ul style=\"list-style-type: square;\">\n<li class=\"p1\"><b><i>Asignaci\u00f3n de Plataformas, enlaces de Aulas y Horarios<\/i><\/b><i>: <\/i><\/li>\n<\/ul>\n<p class=\"p1\"><i>\u00a0 \u00a0 \u00a0 \u00a0 Desde el 17 de Agosto 2021 <\/i><\/p>\n<ul style=\"list-style-type: square;\">\n<li class=\"p1\"><b>Dictado de Clases del Segundo Cuatrimestre <\/b><\/li>\n<\/ul>\n<p class=\"p1\"><i>\u00a0 \u00a0 \u00a0 \u00a030 de Agosto al 19 de Noviembre 2021 <\/i><\/p>\n<h2><span style=\"color: #0071bc;\"><strong>Ex\u00e1menes<\/strong><\/span><\/h2>\n<h5><img loading=\"lazy\" class=\"alignnone wp-image-30452\" src=\"https:\/\/www.fhycs.unam.edu.ar\/portada\/wp-content\/uploads\/2021\/02\/examenes-212x300.jpg\" alt=\"\" width=\"1064\" height=\"1506\" srcset=\"https:\/\/www.fhycs.unam.edu.ar\/portada\/wp-content\/uploads\/2021\/02\/examenes-212x300.jpg 212w, https:\/\/www.fhycs.unam.edu.ar\/portada\/wp-content\/uploads\/2021\/02\/examenes.jpg 595w\" sizes=\"(max-width: 1064px) 100vw, 1064px\" \/><\/h5>\n<h2><span style=\"color: #0071bc;\"><b>Tr\u00e1mites Acad\u00e9micos<\/b><\/span><\/h2>\n<p><span style=\"color: #11c18f;\"><strong>1er. Cuatrimestre<\/strong><\/span><\/p>\n<p><strong>Alumnos:<\/strong><\/p>\n<ul style=\"list-style-type: square;\">\n<li><b>Solicitud de Reincorporaciones (Ord. 010\/03): <\/b>Enviar e-mail desde:15\/03 al 30\/04\/2021, a: r<span class=\"s1\">eincorporacion@fhycs.unam.edu.ar<\/span><\/li>\n<li class=\"p1\"><b>Solicitud de Reconocimientos, Equivalencias y Cambio de Plan de Estudio: <\/b>Desde el 15 de marzo al 30 de Abril de 2021<\/li>\n<li class=\"p1\"><b>Solicitud de Reconocimientos para ingresantes: <\/b>Desde el 03 al 28 de mayo de 2021<\/li>\n<\/ul>\n<ul style=\"list-style-type: square;\">\n<li class=\"p1\"><b>Pedido de Libretas: <\/b>Desde el 4 Mayo al 5 Noviembre de 2021<\/li>\n<\/ul>\n<p class=\"p1\"><b>Profesores: <\/b><\/p>\n<ul style=\"list-style-type: square;\">\n<li class=\"p1\"><b>Presentaci\u00f3n de planes de contingencia: 05\/04\/ al 30\/04\/2021<\/b><\/li>\n<li class=\"p1\"><b>Adscripciones: <\/b>Desde el 29\/03\/2021 al 15\/04\/2021 (Res. CD N\u00ba 089\/20)<\/li>\n<li class=\"p1\"><b>Habilitaci\u00f3n de Comisiones para el Cursado:<\/b><\/li>\n<\/ul>\n<p class=\"p1\">\u00a0 \u00a0 \u00a0 \u00a0Desde el 22 de Febrero al 05 de marzo de 2021<\/p>\n<ul style=\"list-style-type: square;\">\n<li class=\"p1\"><b>Presentaci\u00f3n de Actas de Regularidad y\/o Promoci\u00f3n de Alumnos<\/b>:<\/li>\n<\/ul>\n<p class=\"p1\">\u00a0 \u00a0 \u00a0 \u00a0 Hasta el 10 de agosto de 2021<\/p>\n<p class=\"p1\"><span style=\"color: #11c18f;\"><b><i>2do. Cuatrimestre: <\/i><\/b><\/span><\/p>\n<p class=\"p1\"><b>Alumnos: <\/b><\/p>\n<ul style=\"list-style-type: square;\">\n<li class=\"p1\"><b>Solicitud de Reincorporaciones (Ord. 010\/03): <\/b>Enviar e-mail desde:19\/07 al 20\/082021, a: r<span class=\"s1\">eincorporacion@fhycs.unam.edu.ar<\/span><\/li>\n<li class=\"p1\"><b>Solicitud de Reconocimientos, Equivalencias y Cambio de Plan de Estudio: <\/b>Desde el 26 Julio al 13 de Agosto de 2021<\/li>\n<\/ul>\n<p class=\"p1\"><b>Profesores: <\/b><\/p>\n<ul style=\"list-style-type: square;\">\n<li class=\"p1\"><b>Presentaci\u00f3n de planes de contingencia: 02\/08 al 27\/08\/2021.<\/b><\/li>\n<li class=\"p1\"><b>Adscripciones: <\/b>Desde el 26\/07\/2021 al 06\/08\/2021(Res. CD N\u00ba 089\/20)<\/li>\n<li class=\"p1\"><b>Habilitaci\u00f3n de Comisiones para el Cursado: <\/b>Desde el 1\u00b0 de Julio hasta el 8 de Julio de 2021<\/li>\n<li class=\"p1\"><b>Presentaci\u00f3n de Actas de Regularidad y\/o Promoci\u00f3n de Alumnos:<\/b>\u00a0Hasta el 3 de diciembre de 2021<\/li>\n<\/ul>\n<h2 class=\"p1\"><span style=\"color: #0071bc;\"><b>Recesos <\/b><\/span><\/h2>\n<ul style=\"list-style-type: disc;\">\n<li class=\"p2\"><b>Funcional (verano) <\/b><\/li>\n<\/ul>\n<p class=\"p2\">\u00a0 \u00a0 \u00a0 \u00a0 \u00a026 de Diciembre de 2021 al 04 de Febrero de 2022<\/p>\n<ul style=\"list-style-type: disc;\">\n<li class=\"p2\"><b>Invernal: <\/b><\/li>\n<\/ul>\n<p class=\"p2\">\u00a0 \u00a0 \u00a0 \u00a0 \u00a0 12 al 23 de Julio de 2021<\/p>\n<h2 class=\"p2\"><span style=\"color: #0071bc;\"><b>Feriados \u2013 Asuetos Conmemoraciones <\/b><\/span><\/h2>\n<ul style=\"list-style-type: square;\">\n<li class=\"p3\"><b>1\u00ba de Enero: <\/b>A\u00f1o Nuevo<\/li>\n<li class=\"p3\"><b>15 y 16 Febrero: <\/b>Carnaval<\/li>\n<li class=\"p3\"><b>8 de Marzo: <\/b>D\u00eda de la Mujer<\/li>\n<li class=\"p3\"><b>19 de Marzo: <\/b>Santo Patrono de la Ciudad de Posadas Asueto Acad\u00e9mico y Administrativo para las Unidades Acad\u00e9micas de Posadas<\/li>\n<li class=\"p3\"><b>24 de Marzo<\/b>: D\u00eda Nacional de la Memoria por la Verdad y la Justicia<\/li>\n<li class=\"p3\"><b>2 de Abril<\/b>: D\u00eda del Veterano de Malvinas y de los Ca\u00eddos en la Guerra de Malvinas y Viernes Santo<\/li>\n<li class=\"p3\"><b>16 de Abril: <\/b>Aniversario de la Universidad. Asueto acad\u00e9mico y administrativo en todo el \u00e1mbito de la UNaM.<\/li>\n<li class=\"p3\"><b>1\u00ba de Mayo<\/b>: D\u00eda del Trabajador<\/li>\n<li class=\"p3\"><b>21 De Mayo: <\/b>D\u00eda del Profesor Universitario, Asueto acad\u00e9mico en todo el \u00e1mbito de la UNaM<\/li>\n<li class=\"p3\"><b>24 de Mayo: <\/b>Feriado con fines tur\u00edsticos<\/li>\n<li class=\"p3\"><b>25 d<\/b>e Mayo: Primer Gobierno Patrio. D\u00eda de la Revoluci\u00f3n de Mayo<\/li>\n<li class=\"p3\"><b>20 de Junio: <\/b>Paso a la Inmortalidad del General Manuel Belgrano<\/li>\n<li class=\"p3\"><b>21 de Junio: <\/b>D\u00eda Paso de la Inmortalidad del General Martin de G\u00fcemes<\/li>\n<li class=\"p3\"><b>9 de Julio: <\/b>D\u00eda de la Independencia<\/li>\n<li class=\"p3\"><b>16 de Agosto<\/b>: Paso a la inmortalidad del Gral San Martin<\/li>\n<li class=\"p3\"><b>21de Septiembre: <\/b>D\u00eda del estudiante Asueto Estudiantil en todo el \u00e1mbito de la UNaM<\/li>\n<li class=\"p3\"><b>Juegos Interfacultades<\/b>: Fechas a confirmar<\/li>\n<li class=\"p3\"><b>8 de Octubre<\/b>: Feriado con Fines Tur\u00edsticos<\/li>\n<li class=\"p3\"><b>11 de Octubre: <\/b>D\u00eda del respeto a la Diversidad Cultural<\/li>\n<li class=\"p3\"><b>30 de Octubre: <\/b>Conmemoraci\u00f3n del \u201cD\u00eda del Graduado Universitario\u201d, -sin suspensi\u00f3n de las actividades acad\u00e9micas administrativas-.<\/li>\n<li class=\"p3\"><b>20 de Noviembre: <\/b>D\u00eda de la Soberan\u00eda Nacional<\/li>\n<li class=\"p3\"><b>22 de Noviembre: <\/b>Feriado con fines tur\u00edsticos<\/li>\n<li class=\"p3\"><b>26 de Noviembre<\/b>: D\u00eda del Trabajador No Docente. Asueto Administrativo en todo el \u00e1mbito de la UNaM<\/li>\n<li class=\"p3\"><b>8 de Diciembre<\/b>: Inmaculada Concepci\u00f3n de Mar\u00eda<\/li>\n<li class=\"p3\"><b>25 de Diciembre: <\/b>Navidad<\/li>\n<\/ul>\n<iframe src=\"\/\/docs.google.com\/viewer?url=https%3A%2F%2Fwww.fhycs.unam.edu.ar%2Fportada%2Fwp-content%2Fuploads%2F2021%2F02%2F1.-CALENDARIO-2021-revisado.pdf&hl=es&embedded=true\" class=\"gde-frame\" style=\"width:100%; height:500px; border: none;\" scrolling=\"no\"><\/iframe>\n<p class=\"gde-text\"><a href=\"https:\/\/www.fhycs.unam.edu.ar\/portada\/wp-content\/uploads\/2021\/02\/1.-CALENDARIO-2021-revisado.pdf\" class=\"gde-link\">Descargar (PDF, Desconocido)<\/a><\/p>\n","protected":false},"excerpt":{"rendered":"<p>Clases Inscripci\u00f3n a Materias Anuales y del Primer Cuatrimestre \u00a0 \u00a0 \u00a0 \u00a0 \u00a022\/03\/21 al 30\/04\/2021 Asignaci\u00f3n de Plataformas, enlaces de Aulas y Horarios: \u00a0 \u00a0 \u00a0 \u00a0 Desde el 19 de Abril 2021 Dictado de Clases del Primer Cuatrimestre 03\/05\/2021 al 30\/07\/2021 Inscripci\u00f3n a Materias del Segundo Cuatrimestre \u00a0 \u00a0 \u00a0 \u00a0 \u00a002\/08\/2021 Asignaci\u00f3n [&hellip;]<\/p>\n","protected":false},"author":25,"featured_media":0,"comment_status":"open","ping_status":"closed","sticky":false,"template":"","format":"standard","meta":{"extendify_custom_stylesheet":""},"categories":[1],"tags":[],"_links":{"self":[{"href":"https:\/\/www.fhycs.unam.edu.ar\/portada\/wp-json\/wp\/v2\/posts\/30446"}],"collection":[{"href":"https:\/\/www.fhycs.unam.edu.ar\/portada\/wp-json\/wp\/v2\/posts"}],"about":[{"href":"https:\/\/www.fhycs.unam.edu.ar\/portada\/wp-json\/wp\/v2\/types\/post"}],"author":[{"embeddable":true,"href":"https:\/\/www.fhycs.unam.edu.ar\/portada\/wp-json\/wp\/v2\/users\/25"}],"replies":[{"embeddable":true,"href":"https:\/\/www.fhycs.unam.edu.ar\/portada\/wp-json\/wp\/v2\/comments?post=30446"}],"version-history":[{"count":12,"href":"https:\/\/www.fhycs.unam.edu.ar\/portada\/wp-json\/wp\/v2\/posts\/30446\/revisions"}],"predecessor-version":[{"id":30479,"href":"https:\/\/www.fhycs.unam.edu.ar\/portada\/wp-json\/wp\/v2\/posts\/30446\/revisions\/30479"}],"wp:attachment":[{"href":"https:\/\/www.fhycs.unam.edu.ar\/portada\/wp-json\/wp\/v2\/media?parent=30446"}],"wp:term":[{"taxonomy":"category","embeddable":true,"href":"https:\/\/www.fhycs.unam.edu.ar\/portada\/wp-json\/wp\/v2\/categories?post=30446"},{"taxonomy":"post_tag","embeddable":true,"href":"https:\/\/www.fhycs.unam.edu.ar\/portada\/wp-json\/wp\/v2\/tags?post=30446"}],"curies":[{"name":"wp","href":"https:\/\/api.w.org\/{rel}","templated":true}]}}