{"id":30794,"date":"2021-04-06T20:50:38","date_gmt":"2021-04-06T23:50:38","guid":{"rendered":"https:\/\/www.fhycs.unam.edu.ar\/portada\/?p=30794"},"modified":"2021-04-06T20:52:31","modified_gmt":"2021-04-06T23:52:31","slug":"el-pedido-de-justicia-sigue-latiendo-ocho-anos-del-femicidio-de-lucia-maidana","status":"publish","type":"post","link":"https:\/\/www.fhycs.unam.edu.ar\/portada\/el-pedido-de-justicia-sigue-latiendo-ocho-anos-del-femicidio-de-lucia-maidana\/","title":{"rendered":"El pedido de justicia sigue latiendo: Ocho a\u00f1os del femicidio de Lucia Maidana"},"content":{"rendered":"<p><img loading=\"lazy\" class=\" wp-image-30795 aligncenter\" src=\"https:\/\/www.fhycs.unam.edu.ar\/portada\/wp-content\/uploads\/2021\/04\/Sin-ti\u0301tulo-4-300x175.jpg\" alt=\"\" width=\"1123\" height=\"655\" srcset=\"https:\/\/www.fhycs.unam.edu.ar\/portada\/wp-content\/uploads\/2021\/04\/Sin-ti\u0301tulo-4-300x175.jpg 300w, https:\/\/www.fhycs.unam.edu.ar\/portada\/wp-content\/uploads\/2021\/04\/Sin-ti\u0301tulo-4-768x448.jpg 768w, https:\/\/www.fhycs.unam.edu.ar\/portada\/wp-content\/uploads\/2021\/04\/Sin-ti\u0301tulo-4.jpg 960w\" sizes=\"(max-width: 1123px) 100vw, 1123px\" \/>Este<strong> 6 de abril<\/strong> se <strong>cumpli\u00f3 8 a\u00f1os<\/strong> del <strong>Femicidio de Lucia Maidana<\/strong>, compa\u00f1era y estudiante de comunicaci\u00f3n social de esta \u00a0Facultad.<!--more--><\/p>\n<p><strong>Estudiantes, docentes, nodocentes, agrupaciones estudiantiles y sociales siguen reclamando justicia<\/strong>. El pedido es \u00fanico y se repite todos los a\u00f1os: <strong>Ni Una Menos<\/strong>; ni una muerte m\u00e1s a causa de la violencia machista.<\/p>\n<blockquote><p><em>\u201cRatificamos el compromiso institucional de nuestra Facultad en la lucha por las\u00a0 desigualdades de g\u00e9nero y contra toda violacion a los derechos humanos.\u00a0 Seguimos trabajando para transformar el mundo en un lugar m\u00e1s justo\u201d<\/em> lo expres\u00f3 as\u00ed el equipo de gesti\u00f3n de la FHyCS en el aniversario del femicidio de Lucia y en el marco de una pandemia donde hasta la fecha tenemos 70 femicidios en la argentina, que impone y profundiza las condiciones de desigualdades que a\u00fan existen.<\/p><\/blockquote>\n","protected":false},"excerpt":{"rendered":"<p>Este 6 de abril se cumpli\u00f3 8 a\u00f1os del Femicidio de Lucia Maidana, compa\u00f1era y estudiante de comunicaci\u00f3n social de esta \u00a0Facultad.<\/p>\n","protected":false},"author":25,"featured_media":30795,"comment_status":"open","ping_status":"closed","sticky":false,"template":"","format":"standard","meta":{"extendify_custom_stylesheet":""},"categories":[1],"tags":[5,5130,85,5129],"_links":{"self":[{"href":"https:\/\/www.fhycs.unam.edu.ar\/portada\/wp-json\/wp\/v2\/posts\/30794"}],"collection":[{"href":"https:\/\/www.fhycs.unam.edu.ar\/portada\/wp-json\/wp\/v2\/posts"}],"about":[{"href":"https:\/\/www.fhycs.unam.edu.ar\/portada\/wp-json\/wp\/v2\/types\/post"}],"author":[{"embeddable":true,"href":"https:\/\/www.fhycs.unam.edu.ar\/portada\/wp-json\/wp\/v2\/users\/25"}],"replies":[{"embeddable":true,"href":"https:\/\/www.fhycs.unam.edu.ar\/portada\/wp-json\/wp\/v2\/comments?post=30794"}],"version-history":[{"count":2,"href":"https:\/\/www.fhycs.unam.edu.ar\/portada\/wp-json\/wp\/v2\/posts\/30794\/revisions"}],"predecessor-version":[{"id":30797,"href":"https:\/\/www.fhycs.unam.edu.ar\/portada\/wp-json\/wp\/v2\/posts\/30794\/revisions\/30797"}],"wp:featuredmedia":[{"embeddable":true,"href":"https:\/\/www.fhycs.unam.edu.ar\/portada\/wp-json\/wp\/v2\/media\/30795"}],"wp:attachment":[{"href":"https:\/\/www.fhycs.unam.edu.ar\/portada\/wp-json\/wp\/v2\/media?parent=30794"}],"wp:term":[{"taxonomy":"category","embeddable":true,"href":"https:\/\/www.fhycs.unam.edu.ar\/portada\/wp-json\/wp\/v2\/categories?post=30794"},{"taxonomy":"post_tag","embeddable":true,"href":"https:\/\/www.fhycs.unam.edu.ar\/portada\/wp-json\/wp\/v2\/tags?post=30794"}],"curies":[{"name":"wp","href":"https:\/\/api.w.org\/{rel}","templated":true}]}}