{"id":30910,"date":"2021-04-21T19:34:53","date_gmt":"2021-04-21T22:34:53","guid":{"rendered":"https:\/\/www.fhycs.unam.edu.ar\/portada\/?p=30910"},"modified":"2021-04-21T20:03:15","modified_gmt":"2021-04-21T23:03:15","slug":"pronunciamiento-de-comunicacion-social-frente-a-cobertura-mediatica-local-de-un-caso-de-suicidio","status":"publish","type":"post","link":"https:\/\/www.fhycs.unam.edu.ar\/portada\/pronunciamiento-de-comunicacion-social-frente-a-cobertura-mediatica-local-de-un-caso-de-suicidio\/","title":{"rendered":"Pronunciamiento de Comunicaci\u00f3n Social frente a cobertura medi\u00e1tica local de un caso de suicidio"},"content":{"rendered":"<p style=\"text-align: justify;\">Desde las <strong>carreras de Comunicaci\u00f3n Social<\/strong> de la Facultad de Humanidades y Ciencias Sociales de la UNaM expresamos nuestra preocupaci\u00f3n ante informaci\u00f3n publicada por medios locales de Posadas sobre un caso de suicidio en la ciudad y reivindicamos el tratamiento medi\u00e1tico responsable de la salud mental.<\/p>\n<p style=\"text-align: justify;\">Los relatos se\u00f1alados as\u00ed como las im\u00e1genes divulgadas resultan poco respetuosas de la vida privada de la persona as\u00ed como del dolor de sus familiares y entorno, cuestiones que nos llevan a reflexionar sobre la necesidad de construir informaci\u00f3n con perspectiva de derechos en nuestros medios de comunicaci\u00f3n locales y plantearnos la relevancia informativa de estos acontecimientos.<\/p>\n<p style=\"text-align: justify;\">Entendemos la informaci\u00f3n p\u00fablica como bien social y como instituci\u00f3n p\u00fablica formadora de profesionales bregamos por un trabajo articulado que colabore en la ampliaci\u00f3n del derecho humano a la informaci\u00f3n.<\/p>\n<p style=\"text-align: justify;\">En este sentido, las recomendaciones elaboradas por la Defensor\u00eda del P\u00fablico para el tratamiento medi\u00e1tico responsable de la Salud Mental pueden orientar buenas pr\u00e1cticas informativas. Algunas de ellas sugieren:<\/p>\n<p style=\"text-align: justify;\"><strong>&#8211; Promover un enfoque de salud p\u00fablica<\/strong>: Contextualizar la problem\u00e1tica de suicidios bajo la categor\u00eda \u201csalud p\u00fablica\u201d y no \u201cpoliciales\u201d. Tener presente que propiciar el enfoque policial de los casos, adem\u00e1s de resultar inapropiado porque el suicidio no es un hecho delictivo, deviene en una estigmatizaci\u00f3n de la v\u00edctima y de su entorno.<\/p>\n<p style=\"text-align: justify;\"><strong>&#8211; Procurar un abordaje riguroso<\/strong>: Evitar el desarrollo y la difusi\u00f3n de an\u00e1lisis sobre los casos de suicidio que est\u00e9n sustentados en conjeturas personales y en la lectura forzada de hechos y\/o elementos que rodean a las\/os protagonistas.<\/p>\n<p style=\"text-align: justify;\"><strong>&#8211; Complementar las coberturas de los casos espec\u00edficos<\/strong> con la difusi\u00f3n y visualizaci\u00f3n en pantalla de direcciones y tel\u00e9fonos de instituciones y profesionales vinculados a la asistencia y tratamiento de la tem\u00e1tica de suicidios.<\/p>\n<p style=\"text-align: justify;\"><strong>&#8211; Construir enfoques no espectacularizantes<\/strong>: prescindir de la presentaci\u00f3n de descripciones del m\u00e9todo utilizado, sobre todo en t\u00e9rminos de su mayor efectividad, menor agon\u00eda y\/o sufrimiento, rapidez, concreci\u00f3n, por ejemplo. Evitar las representaciones detalladas de la secuencia de los hechos realizados por la v\u00edctima, la emisi\u00f3n permanente de fotograf\u00edas y videos de su vida, el uso de recursos sonoros y\u00a0 la musicalizaci\u00f3n para aumentar el dramatismo que ya de por s\u00ed comporta el caso a comunicar.<\/p>\n<p style=\"text-align: justify;\"><strong>&#8211; Evitar las referencias que justifiquen el acto<\/strong>: Procurar no abordar el suicidio como una soluci\u00f3n o salida a problemas personales.<\/p>\n<p style=\"text-align: justify;\"><em>Enlace al texto completo de la Defensor\u00eda del P\u00fablico: <a href=\"https:\/\/defensadelpublico.gob.ar\/recomendaciones-para-el-tratamiento-responsable-de-casos-de-suicidio\/\">https:\/\/defensadelpublico.gob.ar\/recomendaciones-para-el-tratamiento-responsable-de-casos-de-suicidio\/<\/a><\/em><\/p>\n","protected":false},"excerpt":{"rendered":"<p>Desde las carreras de Comunicaci\u00f3n Social de la Facultad de Humanidades y Ciencias Sociales de la UNaM expresamos nuestra preocupaci\u00f3n ante informaci\u00f3n publicada por medios locales de Posadas sobre un caso de suicidio en la ciudad y reivindicamos el tratamiento medi\u00e1tico responsable de la salud mental. Los relatos se\u00f1alados as\u00ed como las im\u00e1genes divulgadas resultan [&hellip;]<\/p>\n","protected":false},"author":10,"featured_media":20402,"comment_status":"open","ping_status":"closed","sticky":false,"template":"","format":"standard","meta":{"extendify_custom_stylesheet":""},"categories":[10,67],"tags":[5157],"_links":{"self":[{"href":"https:\/\/www.fhycs.unam.edu.ar\/portada\/wp-json\/wp\/v2\/posts\/30910"}],"collection":[{"href":"https:\/\/www.fhycs.unam.edu.ar\/portada\/wp-json\/wp\/v2\/posts"}],"about":[{"href":"https:\/\/www.fhycs.unam.edu.ar\/portada\/wp-json\/wp\/v2\/types\/post"}],"author":[{"embeddable":true,"href":"https:\/\/www.fhycs.unam.edu.ar\/portada\/wp-json\/wp\/v2\/users\/10"}],"replies":[{"embeddable":true,"href":"https:\/\/www.fhycs.unam.edu.ar\/portada\/wp-json\/wp\/v2\/comments?post=30910"}],"version-history":[{"count":1,"href":"https:\/\/www.fhycs.unam.edu.ar\/portada\/wp-json\/wp\/v2\/posts\/30910\/revisions"}],"predecessor-version":[{"id":30911,"href":"https:\/\/www.fhycs.unam.edu.ar\/portada\/wp-json\/wp\/v2\/posts\/30910\/revisions\/30911"}],"wp:featuredmedia":[{"embeddable":true,"href":"https:\/\/www.fhycs.unam.edu.ar\/portada\/wp-json\/wp\/v2\/media\/20402"}],"wp:attachment":[{"href":"https:\/\/www.fhycs.unam.edu.ar\/portada\/wp-json\/wp\/v2\/media?parent=30910"}],"wp:term":[{"taxonomy":"category","embeddable":true,"href":"https:\/\/www.fhycs.unam.edu.ar\/portada\/wp-json\/wp\/v2\/categories?post=30910"},{"taxonomy":"post_tag","embeddable":true,"href":"https:\/\/www.fhycs.unam.edu.ar\/portada\/wp-json\/wp\/v2\/tags?post=30910"}],"curies":[{"name":"wp","href":"https:\/\/api.w.org\/{rel}","templated":true}]}}