{"id":31108,"date":"2021-05-19T10:16:55","date_gmt":"2021-05-19T13:16:55","guid":{"rendered":"https:\/\/www.fhycs.unam.edu.ar\/portada\/?p=31108"},"modified":"2021-05-19T10:19:15","modified_gmt":"2021-05-19T13:19:15","slug":"conferencia-de-prensa-viii-congreso-iberoamericano-de-animacion-sociocultural","status":"publish","type":"post","link":"https:\/\/www.fhycs.unam.edu.ar\/portada\/conferencia-de-prensa-viii-congreso-iberoamericano-de-animacion-sociocultural\/","title":{"rendered":"Conferencia de prensa: VIII Congreso Iberoamericano de Animaci\u00f3n Sociocultural"},"content":{"rendered":"<p><img loading=\"lazy\" class=\" wp-image-30604 aligncenter\" src=\"https:\/\/www.fhycs.unam.edu.ar\/portada\/wp-content\/uploads\/2021\/03\/20210315_congreso-animacion-sociocultural-01-1024x683-300x200.jpg\" alt=\"\" width=\"1129\" height=\"752\" srcset=\"https:\/\/www.fhycs.unam.edu.ar\/portada\/wp-content\/uploads\/2021\/03\/20210315_congreso-animacion-sociocultural-01-1024x683-300x200.jpg 300w, https:\/\/www.fhycs.unam.edu.ar\/portada\/wp-content\/uploads\/2021\/03\/20210315_congreso-animacion-sociocultural-01-1024x683-768x512.jpg 768w, https:\/\/www.fhycs.unam.edu.ar\/portada\/wp-content\/uploads\/2021\/03\/20210315_congreso-animacion-sociocultural-01-1024x683.jpg 1024w\" sizes=\"(max-width: 1129px) 100vw, 1129px\" \/>Ser\u00e1 el<strong> jueves 20 de mayo<\/strong> a las <strong>9 hs.<\/strong> en el <strong>Museo Yapar\u00ed<\/strong> de Posadas, para abrir de manera oficial el Congreso que se desarrollar\u00e1 bajo el t\u00edtulo: <em><strong>&#8220;Desaf\u00edos de la Animaci\u00f3n Sociocultural para la Transformaci\u00f3n Social y Ambiental Sostenible en los Escenarios de Crisis Globales&#8221;<\/strong><\/em>, y que ir\u00e1 del 20 al 22 de mayo de 2021, en forma virtual.<!--more--><\/p>\n<p>Estar\u00e1n presentes el <strong>Ing. Victor Kreimer<\/strong>, ministro de<strong> Coordinaci\u00f3n de Gabinete de Misiones<\/strong>, la <strong>Mg. Gisela Spasiuk<\/strong>, <strong>decana de la FHyCS<\/strong> y la <strong>Mg. Alba Edith Lugo<\/strong>, <strong>presidenta de la Red Iberoamericana de Animaci\u00f3n Sociocultural<\/strong>.<\/p>\n<blockquote><p>El Congreso busca visibilizar el campo de acci\u00f3n de la animaci\u00f3n sociocultural y los espacios de intercambio de experiencias iberoamericanas.<\/p>\n<p><strong>Tendr\u00e1 como invitados especiales:<\/strong><\/p>\n<ul style=\"list-style-type: square;\">\n<li>La orquesta de instrumentos aut\u00f3ctonos y nuevas tecnolog\u00edas de la Universidad Tres de Febrero, que brindar\u00e1 un concierto did\u00e1ctico.<\/li>\n<li>Su director y fundador, Alejandro Iglesias Rossi, expondr\u00e1 sobre el \u201cRol de la universidad en el proceso de descolonizaci\u00f3n cultural\u201d.<\/li>\n<li>El cierre ser\u00e1 con una conferencia magistral del soci\u00f3logo Boaventura de Sousa Santos desde Portugal, sobre \u201cDescolonizar la universidad desde las epistemolog\u00edas del sur\u201d.<\/li>\n<\/ul>\n<\/blockquote>\n<p><strong>Informes e inscripci\u00f3n<\/strong>: <a href=\"https:\/\/www.rianimacion.org\/\">https:\/\/www.rianimacion.org\/<\/a>\u00a0 &#8211; <a href=\"mailto:rianodoargentina@gmail.com\">rianodoargentina@gmail.com<\/a>\u00a0 &#8211; +54 9 3764106104<\/p>\n","protected":false},"excerpt":{"rendered":"<p>Ser\u00e1 el jueves 20 de mayo a las 9 hs. en el Museo Yapar\u00ed de Posadas, para abrir de manera oficial el Congreso que se desarrollar\u00e1 bajo el t\u00edtulo: &#8220;Desaf\u00edos de la Animaci\u00f3n Sociocultural para la Transformaci\u00f3n Social y Ambiental Sostenible en los Escenarios de Crisis Globales&#8221;, y que ir\u00e1 del 20 al 22 de [&hellip;]<\/p>\n","protected":false},"author":25,"featured_media":30604,"comment_status":"open","ping_status":"closed","sticky":false,"template":"","format":"standard","meta":{"extendify_custom_stylesheet":""},"categories":[1],"tags":[5183,1830,3060,5186,5185,2593,4141,5,5146,5147,5184,5182],"_links":{"self":[{"href":"https:\/\/www.fhycs.unam.edu.ar\/portada\/wp-json\/wp\/v2\/posts\/31108"}],"collection":[{"href":"https:\/\/www.fhycs.unam.edu.ar\/portada\/wp-json\/wp\/v2\/posts"}],"about":[{"href":"https:\/\/www.fhycs.unam.edu.ar\/portada\/wp-json\/wp\/v2\/types\/post"}],"author":[{"embeddable":true,"href":"https:\/\/www.fhycs.unam.edu.ar\/portada\/wp-json\/wp\/v2\/users\/25"}],"replies":[{"embeddable":true,"href":"https:\/\/www.fhycs.unam.edu.ar\/portada\/wp-json\/wp\/v2\/comments?post=31108"}],"version-history":[{"count":2,"href":"https:\/\/www.fhycs.unam.edu.ar\/portada\/wp-json\/wp\/v2\/posts\/31108\/revisions"}],"predecessor-version":[{"id":31110,"href":"https:\/\/www.fhycs.unam.edu.ar\/portada\/wp-json\/wp\/v2\/posts\/31108\/revisions\/31110"}],"wp:featuredmedia":[{"embeddable":true,"href":"https:\/\/www.fhycs.unam.edu.ar\/portada\/wp-json\/wp\/v2\/media\/30604"}],"wp:attachment":[{"href":"https:\/\/www.fhycs.unam.edu.ar\/portada\/wp-json\/wp\/v2\/media?parent=31108"}],"wp:term":[{"taxonomy":"category","embeddable":true,"href":"https:\/\/www.fhycs.unam.edu.ar\/portada\/wp-json\/wp\/v2\/categories?post=31108"},{"taxonomy":"post_tag","embeddable":true,"href":"https:\/\/www.fhycs.unam.edu.ar\/portada\/wp-json\/wp\/v2\/tags?post=31108"}],"curies":[{"name":"wp","href":"https:\/\/api.w.org\/{rel}","templated":true}]}}