{"id":31168,"date":"2021-05-28T13:35:52","date_gmt":"2021-05-28T16:35:52","guid":{"rendered":"https:\/\/www.fhycs.unam.edu.ar\/portada\/?p=31168"},"modified":"2021-05-28T13:36:13","modified_gmt":"2021-05-28T16:36:13","slug":"v-encuentro-latinoamericano-de-la-catedra-pablo-latapi","status":"publish","type":"post","link":"https:\/\/www.fhycs.unam.edu.ar\/portada\/v-encuentro-latinoamericano-de-la-catedra-pablo-latapi\/","title":{"rendered":"V Encuentro Latinoamericano de la C\u00e1tedra Pablo Latap\u00ed"},"content":{"rendered":"<p><img loading=\"lazy\" class=\"size-medium wp-image-31170 alignleft\" src=\"https:\/\/www.fhycs.unam.edu.ar\/portada\/wp-content\/uploads\/2021\/05\/V-Encuentro-Latap\u00ed-cuadrado-300x300.png\" alt=\"\" width=\"300\" height=\"300\" srcset=\"https:\/\/www.fhycs.unam.edu.ar\/portada\/wp-content\/uploads\/2021\/05\/V-Encuentro-Latap\u00ed-cuadrado-300x300.png 300w, https:\/\/www.fhycs.unam.edu.ar\/portada\/wp-content\/uploads\/2021\/05\/V-Encuentro-Latap\u00ed-cuadrado-150x150.png 150w, https:\/\/www.fhycs.unam.edu.ar\/portada\/wp-content\/uploads\/2021\/05\/V-Encuentro-Latap\u00ed-cuadrado-768x768.png 768w, https:\/\/www.fhycs.unam.edu.ar\/portada\/wp-content\/uploads\/2021\/05\/V-Encuentro-Latap\u00ed-cuadrado-1024x1024.png 1024w, https:\/\/www.fhycs.unam.edu.ar\/portada\/wp-content\/uploads\/2021\/05\/V-Encuentro-Latap\u00ed-cuadrado.png 1080w\" sizes=\"(max-width: 300px) 100vw, 300px\" \/><\/p>\n<p><em>V Encuentro Latinoamericano de la C\u00e1tedra Pablo Latap\u00ed: Escenarios sociales de la Educaci\u00f3n de J\u00f3venes y Adultos. Desaf\u00edos y propuestas en el contexto actual: derecho a la educaci\u00f3n, estrategias de ense\u00f1anza y brechas digitales<\/em>, <strong>el d\u00eda jueves 3 de junio a las 15 hs. (hora de Argentina), en modalidad virtual.<\/strong><\/p>\n<p>Link de Inscripci\u00f3n previa <a href=\"https:\/\/forms.office.com\/r\/s5WR1GjaFk\">AQU\u00cd <\/a><\/p>\n<p>&nbsp;<\/p>\n<p><!--more-->La especialista invitada es Judith Kalman, Investigadora Principal del DIE-CINVESTAV, quien realizar\u00e1 una presentaci\u00f3n en formato de di\u00e1logo con Gladys Blazich, Subdirectora del Instituto de Investigaciones en Educaci\u00f3n de la Facultad de Humanidades de la UNNE, integrante de la C\u00e1tedra Pablo Latap\u00ed. La apertura institucional estar\u00e1 a cargo de Luis Scasso, Director de la Oficina de la OEI en Argentina, y Francisco Pi\u00f1\u00f3n, Coordinador de la C\u00e1tedra Pablo Latap\u00ed.<\/p>\n<p>El encuentro virtual es organizado por la C\u00e1tedra Latap\u00ed, la cual integran la Universidad de Mor\u00f3n (UM), la Universidad Nacional del Nordeste (UNNE), la Universidad Nacional Arturo Jauretche (UNAJ)<strong>, la Universidad Nacional de Misiones (UNaM),<\/strong> la Universidad Nacional de Chilecito (UNDeC), la Universidad Nacional de C\u00f3rdoba (UNC), la Universidad Nacional General Sarmiento (UNGS), la Universidad Pedag\u00f3gica Nacional (UNIPE), la Universidad Nacional de Jujuy (UNJu), la Universidad Nacional de Quilmes (UNQui), la Universidad Nacional de Lan\u00fas (UNLa), la Universidad Nacional de Luj\u00e1n (UNLu), la Universidad Nacional de San Mart\u00edn (UNSaM), la Universidad Nacional de Villa Mar\u00eda (UNVM) y la oficina OEI de Argentina.<\/p>\n<p>La pandemia torn\u00f3 visibles problem\u00e1ticas previas de la educaci\u00f3n permanente de j\u00f3venes y adultos. Esta es una de las modalidades educativas m\u00e1s afectadas en todo el pa\u00eds dado que atiende, en general, a una poblaci\u00f3n en estado de vulnerabilidad social. A trav\u00e9s de este encuentro se pretende reflexionar y promover el di\u00e1logo sobre las problem\u00e1ticas, los desaf\u00edos y las estrategias diversas de intervenci\u00f3n que permitan hacer efectivo el principio manifiesto en la Ley de Educaci\u00f3n Nacional que declara a la educaci\u00f3n como derecho.<\/p>\n<p>La Universidad Nacional de Misiones a trav\u00e9s de la Facultad de Humanidades y Ciencias Sociales forma parte de la C\u00e0tedra Pablo Latapi desde el 2020 firmando un acto de acuerdo para realizar actividades articuladas en relaci\u00f3n a la Modalidad de J\u00f3venes y adultos en la Argentina y Am\u00e9rica Latina.<\/p>\n<p>Para m\u00e1s informaci\u00f3n comunicarse al contacto<strong> 3764-693671.<\/strong><\/p>\n<p>Correo: <strong><a href=\"mailto:modalidadepjaunam@gmail.com\">modalidadepjaunam@gmail.com<\/a><\/strong><\/p>\n","protected":false},"excerpt":{"rendered":"<p>V Encuentro Latinoamericano de la C\u00e1tedra Pablo Latap\u00ed: Escenarios sociales de la Educaci\u00f3n de J\u00f3venes y Adultos. Desaf\u00edos y propuestas en el contexto actual: derecho a la educaci\u00f3n, estrategias de ense\u00f1anza y brechas digitales, el d\u00eda jueves 3 de junio a las 15 hs. (hora de Argentina), en modalidad virtual. Link de Inscripci\u00f3n previa AQU\u00cd [&hellip;]<\/p>\n","protected":false},"author":10,"featured_media":31170,"comment_status":"open","ping_status":"closed","sticky":false,"template":"","format":"standard","meta":{"extendify_custom_stylesheet":""},"categories":[35],"tags":[5,5195],"_links":{"self":[{"href":"https:\/\/www.fhycs.unam.edu.ar\/portada\/wp-json\/wp\/v2\/posts\/31168"}],"collection":[{"href":"https:\/\/www.fhycs.unam.edu.ar\/portada\/wp-json\/wp\/v2\/posts"}],"about":[{"href":"https:\/\/www.fhycs.unam.edu.ar\/portada\/wp-json\/wp\/v2\/types\/post"}],"author":[{"embeddable":true,"href":"https:\/\/www.fhycs.unam.edu.ar\/portada\/wp-json\/wp\/v2\/users\/10"}],"replies":[{"embeddable":true,"href":"https:\/\/www.fhycs.unam.edu.ar\/portada\/wp-json\/wp\/v2\/comments?post=31168"}],"version-history":[{"count":2,"href":"https:\/\/www.fhycs.unam.edu.ar\/portada\/wp-json\/wp\/v2\/posts\/31168\/revisions"}],"predecessor-version":[{"id":31171,"href":"https:\/\/www.fhycs.unam.edu.ar\/portada\/wp-json\/wp\/v2\/posts\/31168\/revisions\/31171"}],"wp:featuredmedia":[{"embeddable":true,"href":"https:\/\/www.fhycs.unam.edu.ar\/portada\/wp-json\/wp\/v2\/media\/31170"}],"wp:attachment":[{"href":"https:\/\/www.fhycs.unam.edu.ar\/portada\/wp-json\/wp\/v2\/media?parent=31168"}],"wp:term":[{"taxonomy":"category","embeddable":true,"href":"https:\/\/www.fhycs.unam.edu.ar\/portada\/wp-json\/wp\/v2\/categories?post=31168"},{"taxonomy":"post_tag","embeddable":true,"href":"https:\/\/www.fhycs.unam.edu.ar\/portada\/wp-json\/wp\/v2\/tags?post=31168"}],"curies":[{"name":"wp","href":"https:\/\/api.w.org\/{rel}","templated":true}]}}