{"id":31324,"date":"2021-07-02T11:33:21","date_gmt":"2021-07-02T14:33:21","guid":{"rendered":"https:\/\/www.fhycs.unam.edu.ar\/portada\/?p=31324"},"modified":"2021-07-02T11:34:14","modified_gmt":"2021-07-02T14:34:14","slug":"la-fhycs-rechaza-la-violencia-sobre-el-pueblo-colombiano","status":"publish","type":"post","link":"https:\/\/www.fhycs.unam.edu.ar\/portada\/la-fhycs-rechaza-la-violencia-sobre-el-pueblo-colombiano\/","title":{"rendered":"La FHyCS rechaza la violencia sobre el pueblo colombiano"},"content":{"rendered":"<p style=\"text-align: justify;\"><img loading=\"lazy\" class=\" wp-image-31325 aligncenter\" src=\"https:\/\/www.fhycs.unam.edu.ar\/portada\/wp-content\/uploads\/2021\/07\/sangre-y-tierra-2.1-300x171.jpg\" alt=\"\" width=\"758\" height=\"432\" srcset=\"https:\/\/www.fhycs.unam.edu.ar\/portada\/wp-content\/uploads\/2021\/07\/sangre-y-tierra-2.1-300x171.jpg 300w, https:\/\/www.fhycs.unam.edu.ar\/portada\/wp-content\/uploads\/2021\/07\/sangre-y-tierra-2.1-768x439.jpg 768w, https:\/\/www.fhycs.unam.edu.ar\/portada\/wp-content\/uploads\/2021\/07\/sangre-y-tierra-2.1.jpg 1000w\" sizes=\"(max-width: 758px) 100vw, 758px\" \/>Por <strong>Resoluci\u00f3n 144\/2021<\/strong> la <strong>FHyCS<\/strong> <strong>se pronunci\u00f3 contra la violencia ejercida por el Estado Colombiano<\/strong> contra su pueblo y <strong>se solidariz\u00f3 con su lucha<\/strong>, a la vez que rechaz\u00f3 la violaci\u00f3n sistem\u00e1tica de los derechos humanos y toda forma de violencia ejercida por las fuerzas de seguridad contra la protesta social.<\/p>\n<p>&nbsp;<\/p>\n<iframe src=\"\/\/docs.google.com\/viewer?url=https%3A%2F%2Fwww.fhycs.unam.edu.ar%2Fportada%2Fwp-content%2Fuploads%2F2021%2F07%2FCamScanner-06-30-2021-11.32.pdf&hl=es&embedded=true\" class=\"gde-frame\" style=\"width:100%; height:500px; border: none;\" scrolling=\"no\"><\/iframe>\n<p class=\"gde-text\"><a href=\"https:\/\/www.fhycs.unam.edu.ar\/portada\/wp-content\/uploads\/2021\/07\/CamScanner-06-30-2021-11.32.pdf\" class=\"gde-link\">Descargar (PDF, Desconocido)<\/a><\/p>\n<p>&nbsp;<\/p>\n<p>&nbsp;<\/p>\n","protected":false},"excerpt":{"rendered":"<p>Por Resoluci\u00f3n 144\/2021 la FHyCS se pronunci\u00f3 contra la violencia ejercida por el Estado Colombiano contra su pueblo y se solidariz\u00f3 con su lucha, a la vez que rechaz\u00f3 la violaci\u00f3n sistem\u00e1tica de los derechos humanos y toda forma de violencia ejercida por las fuerzas de seguridad contra la protesta social. &nbsp; &nbsp; &nbsp;<\/p>\n","protected":false},"author":25,"featured_media":31325,"comment_status":"open","ping_status":"closed","sticky":false,"template":"","format":"standard","meta":{"extendify_custom_stylesheet":""},"categories":[5233],"tags":[5234,1278,2593,5,4282,1210],"_links":{"self":[{"href":"https:\/\/www.fhycs.unam.edu.ar\/portada\/wp-json\/wp\/v2\/posts\/31324"}],"collection":[{"href":"https:\/\/www.fhycs.unam.edu.ar\/portada\/wp-json\/wp\/v2\/posts"}],"about":[{"href":"https:\/\/www.fhycs.unam.edu.ar\/portada\/wp-json\/wp\/v2\/types\/post"}],"author":[{"embeddable":true,"href":"https:\/\/www.fhycs.unam.edu.ar\/portada\/wp-json\/wp\/v2\/users\/25"}],"replies":[{"embeddable":true,"href":"https:\/\/www.fhycs.unam.edu.ar\/portada\/wp-json\/wp\/v2\/comments?post=31324"}],"version-history":[{"count":2,"href":"https:\/\/www.fhycs.unam.edu.ar\/portada\/wp-json\/wp\/v2\/posts\/31324\/revisions"}],"predecessor-version":[{"id":31328,"href":"https:\/\/www.fhycs.unam.edu.ar\/portada\/wp-json\/wp\/v2\/posts\/31324\/revisions\/31328"}],"wp:featuredmedia":[{"embeddable":true,"href":"https:\/\/www.fhycs.unam.edu.ar\/portada\/wp-json\/wp\/v2\/media\/31325"}],"wp:attachment":[{"href":"https:\/\/www.fhycs.unam.edu.ar\/portada\/wp-json\/wp\/v2\/media?parent=31324"}],"wp:term":[{"taxonomy":"category","embeddable":true,"href":"https:\/\/www.fhycs.unam.edu.ar\/portada\/wp-json\/wp\/v2\/categories?post=31324"},{"taxonomy":"post_tag","embeddable":true,"href":"https:\/\/www.fhycs.unam.edu.ar\/portada\/wp-json\/wp\/v2\/tags?post=31324"}],"curies":[{"name":"wp","href":"https:\/\/api.w.org\/{rel}","templated":true}]}}