{"id":32128,"date":"2021-09-30T20:31:02","date_gmt":"2021-09-30T23:31:02","guid":{"rendered":"https:\/\/www.fhycs.unam.edu.ar\/portada\/?p=32128"},"modified":"2021-09-30T20:31:02","modified_gmt":"2021-09-30T23:31:02","slug":"la-gamificacion-en-la-educacion-nuevo-webinar-de-fhycs-virtual","status":"publish","type":"post","link":"https:\/\/www.fhycs.unam.edu.ar\/portada\/la-gamificacion-en-la-educacion-nuevo-webinar-de-fhycs-virtual\/","title":{"rendered":"La gamificaci\u00f3n en la educaci\u00f3n, nuevo webinar de FHyCS Virtual"},"content":{"rendered":"<p><img loading=\"lazy\" class=\"size-medium wp-image-32129 alignleft\" src=\"https:\/\/www.fhycs.unam.edu.ar\/portada\/wp-content\/uploads\/2021\/09\/IMG-20210930-WA0024-300x191.jpg\" alt=\"\" width=\"300\" height=\"191\" srcset=\"https:\/\/www.fhycs.unam.edu.ar\/portada\/wp-content\/uploads\/2021\/09\/IMG-20210930-WA0024-300x191.jpg 300w, https:\/\/www.fhycs.unam.edu.ar\/portada\/wp-content\/uploads\/2021\/09\/IMG-20210930-WA0024-768x490.jpg 768w, https:\/\/www.fhycs.unam.edu.ar\/portada\/wp-content\/uploads\/2021\/09\/IMG-20210930-WA0024-1024x654.jpg 1024w, https:\/\/www.fhycs.unam.edu.ar\/portada\/wp-content\/uploads\/2021\/09\/IMG-20210930-WA0024.jpg 1280w\" sizes=\"(max-width: 300px) 100vw, 300px\" \/><\/p>\n<p style=\"text-align: justify;\">Ivanio Dickmann, coordinador de la comunidad <a href=\"https:\/\/www.youtube.com\/channel\/UCrJlgTI2RlcfMUd3WjOuQwA\">GAMEDUCAR<\/a> que nuclea a profesores de todos los niveles de ense\u00f1anza (desde educaci\u00f3n b\u00e1sica a superior) de Brasil, ofrecer\u00e1 el primer webinar de la capacitaci\u00f3n <strong>\u201cEducar en ambientes h\u00edbridos\u201d<\/strong> que est\u00e1 desarrollando el Programa FHyCS Virtual.<!--more--><\/p>\n<p style=\"text-align: justify;\">El encuentro ser\u00e1 el lunes 4 de octubre a las 18:30 Hs., estar\u00e1 moderado por la profesora Marina Casales y ser\u00e1 transmitido en vivo por el canal de <strong>YouTube de FHyCS Virtual<\/strong> con el link: <a href=\"https:\/\/youtu.be\/78zgftYKXoU\">https:\/\/youtu.be\/78zgftYKXoU<\/a>.<\/p>\n<p style=\"text-align: justify;\"><a href=\"https:\/\/www.escavador.com\/sobre\/1997594\/ivanio-dickmann\">Ivanio Dickmann<\/a> es autor de los libros \u201c<a href=\"https:\/\/hotmart.com\/product\/es\/ferramentasdegamificacao\/B46240357A\">START<\/a>\u201d y \u201c<a href=\"https:\/\/www.passeidireto.com\/arquivo\/90253709\/ebook-gamificacao-e-jogo-educativo\">Gamifica\u00e7\u00e3o e Jogo Educativo<\/a>\u201d, adem\u00e1s del \u201cMaiorLivro do Mundo de Gamifica\u00e7\u00e3o na Educa\u00e7\u00e3o\u201d: el<a href=\"https:\/\/www.gameducar.com.br\/ebookalmanaque\">ALMANAQUE GAMEDUCAR<\/a>. Adem\u00e1s, es coleccionista de naipes y le gusta jugar a las cartas -especialmente a la canasta y bisca-. Est\u00e1 casado con Cida y es pap\u00e1 de Catalina, de 6 a\u00f1os.<\/p>\n<blockquote>\n<p style=\"text-align: justify;\">Aqu\u00ed embeber el siguiente video: <a href=\"https:\/\/www.youtube.com\/watch?v=yxMIBYKm7FE\">https:\/\/www.youtube.com\/watch?v=yxMIBYKm7FE<\/a><\/p>\n<\/blockquote>\n<p style=\"text-align: justify;\">Ivanio es un estudioso de Paulo Freire y de la Educaci\u00f3n Popular, as\u00ed como de econom\u00eda Solidaria. Es miembro de grupo de investigaci\u00f3n \u201cEducaci\u00f3n e investigaci\u00f3n en Am\u00e9rica Latina: convergencias te\u00f3ricas y metodol\u00f3gicas\u201d coordinado por los profesores Sandro de Castro Pitano e Danilo Romeu Streck. Es doutorando en Educaci\u00f3n por la UCS-RS (bolsista Prosuc-Capes) es Historiador y m\u00e1ster en Servi\u00e7o Social pela PUC-SP. P\u00f3s-graduado en Gest\u00e3o de Pol\u00edticas P\u00fablicas e Projetos Sociais.<\/p>\n<p style=\"text-align: justify;\">La capacitaci\u00f3n <strong>\u201cEducar en ambientes h\u00edbridos, hacia el dise\u00f1o de un sistema educativo situado, remoto y en red\u201d<\/strong>, comenz\u00f3 en agosto y terminar\u00e1 en diciembre de este a\u00f1o, y est\u00e1 destinada a docentes y a coordinadores\/as, directores\/as, secretarios\/as y responsables de \u00e1reas, y representantes del claustro no docente de la Facultad de Humanidades y Ciencias Sociales y otras Unidades Acad\u00e9micas de la UNaM.<\/p>\n","protected":false},"excerpt":{"rendered":"<p>Ivanio Dickmann, coordinador de la comunidad GAMEDUCAR que nuclea a profesores de todos los niveles de ense\u00f1anza (desde educaci\u00f3n b\u00e1sica a superior) de Brasil, ofrecer\u00e1 el primer webinar de la capacitaci\u00f3n \u201cEducar en ambientes h\u00edbridos\u201d que est\u00e1 desarrollando el Programa FHyCS Virtual.<\/p>\n","protected":false},"author":10,"featured_media":32129,"comment_status":"open","ping_status":"closed","sticky":false,"template":"","format":"standard","meta":{"extendify_custom_stylesheet":""},"categories":[4797],"tags":[5,5306,5307],"_links":{"self":[{"href":"https:\/\/www.fhycs.unam.edu.ar\/portada\/wp-json\/wp\/v2\/posts\/32128"}],"collection":[{"href":"https:\/\/www.fhycs.unam.edu.ar\/portada\/wp-json\/wp\/v2\/posts"}],"about":[{"href":"https:\/\/www.fhycs.unam.edu.ar\/portada\/wp-json\/wp\/v2\/types\/post"}],"author":[{"embeddable":true,"href":"https:\/\/www.fhycs.unam.edu.ar\/portada\/wp-json\/wp\/v2\/users\/10"}],"replies":[{"embeddable":true,"href":"https:\/\/www.fhycs.unam.edu.ar\/portada\/wp-json\/wp\/v2\/comments?post=32128"}],"version-history":[{"count":3,"href":"https:\/\/www.fhycs.unam.edu.ar\/portada\/wp-json\/wp\/v2\/posts\/32128\/revisions"}],"predecessor-version":[{"id":32132,"href":"https:\/\/www.fhycs.unam.edu.ar\/portada\/wp-json\/wp\/v2\/posts\/32128\/revisions\/32132"}],"wp:featuredmedia":[{"embeddable":true,"href":"https:\/\/www.fhycs.unam.edu.ar\/portada\/wp-json\/wp\/v2\/media\/32129"}],"wp:attachment":[{"href":"https:\/\/www.fhycs.unam.edu.ar\/portada\/wp-json\/wp\/v2\/media?parent=32128"}],"wp:term":[{"taxonomy":"category","embeddable":true,"href":"https:\/\/www.fhycs.unam.edu.ar\/portada\/wp-json\/wp\/v2\/categories?post=32128"},{"taxonomy":"post_tag","embeddable":true,"href":"https:\/\/www.fhycs.unam.edu.ar\/portada\/wp-json\/wp\/v2\/tags?post=32128"}],"curies":[{"name":"wp","href":"https:\/\/api.w.org\/{rel}","templated":true}]}}