{"id":32551,"date":"2021-11-16T23:16:34","date_gmt":"2021-11-17T02:16:34","guid":{"rendered":"https:\/\/www.fhycs.unam.edu.ar\/portada\/?p=32551"},"modified":"2021-11-16T23:16:34","modified_gmt":"2021-11-17T02:16:34","slug":"se-retoma-la-idea-de-proyectar-el-futuro-edificio-de-la-fhycs-en-el-campus-universitario","status":"publish","type":"post","link":"https:\/\/www.fhycs.unam.edu.ar\/portada\/se-retoma-la-idea-de-proyectar-el-futuro-edificio-de-la-fhycs-en-el-campus-universitario\/","title":{"rendered":"Se retoma la idea de proyectar el futuro edificio de la FHyCS en el Campus Universitario"},"content":{"rendered":"<h1><img loading=\"lazy\" class=\"size-medium wp-image-32552 alignleft\" src=\"https:\/\/www.fhycs.unam.edu.ar\/portada\/wp-content\/uploads\/2021\/11\/WhatsApp-Image-2021-11-16-at-12.52.12-300x203.jpeg\" alt=\"\" width=\"300\" height=\"203\" srcset=\"https:\/\/www.fhycs.unam.edu.ar\/portada\/wp-content\/uploads\/2021\/11\/WhatsApp-Image-2021-11-16-at-12.52.12-300x203.jpeg 300w, https:\/\/www.fhycs.unam.edu.ar\/portada\/wp-content\/uploads\/2021\/11\/WhatsApp-Image-2021-11-16-at-12.52.12-768x518.jpeg 768w, https:\/\/www.fhycs.unam.edu.ar\/portada\/wp-content\/uploads\/2021\/11\/WhatsApp-Image-2021-11-16-at-12.52.12-1024x691.jpeg 1024w, https:\/\/www.fhycs.unam.edu.ar\/portada\/wp-content\/uploads\/2021\/11\/WhatsApp-Image-2021-11-16-at-12.52.12.jpeg 1280w\" sizes=\"(max-width: 300px) 100vw, 300px\" \/><\/h1>\n<p>En la ma\u00f1ana del martes 16 de noviembre se llev\u00f3 a cabo un acto en el predio donde se proyecta la construcci\u00f3n del futuro edificio de la FHyCS en el Campus, oportunidad en que se plantaron dos ejemplares de Araucaria Angustifolia, el \u00e1rbol emblema de nuestra Universidad.<!--more--><\/p>\n<p>Tal como venimos sosteniendo hace varios a\u00f1os, expres\u00f3 la decana Mgter. Gisela Spasiuk, para respaldar el crecimiento de la Facultad de Humanidades y Ciencias Sociales se requiere la construcci\u00f3n de un nuevo edificio en el Campus Universitario y concretar por fin el traslado de la unidad acad\u00e9mica<em>: lograr la construcci\u00f3n de un edificio moderno en el predio del Campus redundar\u00e1 a una mejora de la vida universitaria para toda la comunidad educativa.<\/em><\/p>\n<p>La decana Spasiuk afirm\u00f3 que es una excelente noticia que se retome la gesti\u00f3n dentro del plan institucional de la Universidad a fin de obtener financiamiento\u00a0para la construcci\u00f3n del futuro edificio de la Facultad: <em>es un viejo anhelo y es una absoluta necesidad en el marco de la pandemia y el retorno a una presencialidad cuidada bajo las normas del protocolo de bioseguridad<\/em>.<\/p>\n<p>En el acto estuvieron presentes la rectora Mgter. Alicia Bohren, el ex rector Dr. Javier Gortari, el vicedecano Esp. Cristian Garrido, as\u00ed como, una nutrida cantidad de miembros de la comunidad universitaria, docentes, nodocentes, estudiantes y graduados.<\/p>\n<p>A su vez, la rectora Mgter. Alicia Bohren manifest\u00f3 su apoyo a la iniciativa y se\u00f1al\u00f3 la necesidad de contar con todas las unidades acad\u00e9micas dentro del Campus Universitario, para brindar un servicio m\u00e1s eficiente a los estudiantes y es uno de los ejes prioritarios del plan de desarrollo institucional.<\/p>\n<p>Si bien a\u00fan falta bastante para concretar este sue\u00f1o, es importante marcar un hito mediante estas araucarias que, al ser plantadas aqu\u00ed, nos permite proyectar nuestro traslado al Campus esperando logar condiciones laborales m\u00e1s saludables para todas y todos.<\/p>\n<p>Cabe aclarar que, durante el a\u00f1o 2022, las actividades de nuestra unidad acad\u00e9mica seguir\u00e1n desarroll\u00e1ndose en los mismos edificios que hasta el momento.<\/p>\n<p>Las dos araucarias fueron donadas por el Instituto Agrot\u00e9cnico Salesiano Pascual Gentilini de San Jos\u00e9, en el marco del proyecto de fortalecimiento de la Extensi\u00f3n Universitaria: &#8220;Relevamiento y activaci\u00f3n de la ruta Belgraniana de Misiones&#8221;, dirigida por la Dra. Beatriz Rivero.<\/p>\n<p>&nbsp;<\/p>\n","protected":false},"excerpt":{"rendered":"<p>En la ma\u00f1ana del martes 16 de noviembre se llev\u00f3 a cabo un acto en el predio donde se proyecta la construcci\u00f3n del futuro edificio de la FHyCS en el Campus, oportunidad en que se plantaron dos ejemplares de Araucaria Angustifolia, el \u00e1rbol emblema de nuestra Universidad.<\/p>\n","protected":false},"author":10,"featured_media":0,"comment_status":"open","ping_status":"closed","sticky":false,"template":"","format":"standard","meta":{"extendify_custom_stylesheet":""},"categories":[84,3971,35],"tags":[5,5350],"_links":{"self":[{"href":"https:\/\/www.fhycs.unam.edu.ar\/portada\/wp-json\/wp\/v2\/posts\/32551"}],"collection":[{"href":"https:\/\/www.fhycs.unam.edu.ar\/portada\/wp-json\/wp\/v2\/posts"}],"about":[{"href":"https:\/\/www.fhycs.unam.edu.ar\/portada\/wp-json\/wp\/v2\/types\/post"}],"author":[{"embeddable":true,"href":"https:\/\/www.fhycs.unam.edu.ar\/portada\/wp-json\/wp\/v2\/users\/10"}],"replies":[{"embeddable":true,"href":"https:\/\/www.fhycs.unam.edu.ar\/portada\/wp-json\/wp\/v2\/comments?post=32551"}],"version-history":[{"count":1,"href":"https:\/\/www.fhycs.unam.edu.ar\/portada\/wp-json\/wp\/v2\/posts\/32551\/revisions"}],"predecessor-version":[{"id":32553,"href":"https:\/\/www.fhycs.unam.edu.ar\/portada\/wp-json\/wp\/v2\/posts\/32551\/revisions\/32553"}],"wp:attachment":[{"href":"https:\/\/www.fhycs.unam.edu.ar\/portada\/wp-json\/wp\/v2\/media?parent=32551"}],"wp:term":[{"taxonomy":"category","embeddable":true,"href":"https:\/\/www.fhycs.unam.edu.ar\/portada\/wp-json\/wp\/v2\/categories?post=32551"},{"taxonomy":"post_tag","embeddable":true,"href":"https:\/\/www.fhycs.unam.edu.ar\/portada\/wp-json\/wp\/v2\/tags?post=32551"}],"curies":[{"name":"wp","href":"https:\/\/api.w.org\/{rel}","templated":true}]}}