{"id":33222,"date":"2022-04-01T09:01:44","date_gmt":"2022-04-01T12:01:44","guid":{"rendered":"https:\/\/www.fhycs.unam.edu.ar\/portada\/?p=33222"},"modified":"2022-04-11T07:03:32","modified_gmt":"2022-04-11T10:03:32","slug":"se-encuentran-abiertas-las-inscripciones-al-seminario-de-posgrado-gestion-ambiental-participativa-de-cuencas-hidricas","status":"publish","type":"post","link":"https:\/\/www.fhycs.unam.edu.ar\/portada\/se-encuentran-abiertas-las-inscripciones-al-seminario-de-posgrado-gestion-ambiental-participativa-de-cuencas-hidricas\/","title":{"rendered":"Seminario de Posgrado GESTI\u00d3N AMBIENTAL PARTICIPATIVA DE CUENCAS H\u00cdDRICAS"},"content":{"rendered":"\n<p>Se encuentran abiertas las inscripciones al <strong>Seminario de Posgrado GESTI\u00d3N AMBIENTAL PARTICIPATIVA DE CUENCAS H\u00cdDRICAS<\/strong>, en el marco del Posgrado Gesti\u00f3n del Desarrollo Socio Territorial, de la Facultad de Humanidades y Ciencias Sociales de la Universidad Nacional de Misiones. El seminario se dictar\u00e1 bajo la<em> modalidad h\u00edbrida<\/em>, <strong>los d\u00edas martes de 18 a 22 horas, desde el 19 de abril hasta el 10 de mayo inclusive<\/strong>. Los interesados pueden <strong>inscribirse en:<\/strong> <a href=\"https:\/\/docs.google.com\/forms\/d\/e\/1FAIpQLSeHO3jkaaMNm1CIu163MnBoT8Jk2jczX0L8knxauBSPz0jeZQ\/viewform\">Pre-Inscripci\u00f3n Maestr\u00eda y Especializaci\u00f3n en Gesti\u00f3n del Desarrollo Socio Territorial (google.com)<\/a><\/p>\n\n\n\n<figure class=\"wp-block-image size-large is-style-default\"><img loading=\"lazy\" width=\"1024\" height=\"1024\" src=\"https:\/\/www.fhycs.unam.edu.ar\/portada\/wp-content\/uploads\/2022\/04\/3_20220328_125144_0002-1024x1024.png\" alt=\"\" class=\"wp-image-33226\" srcset=\"https:\/\/www.fhycs.unam.edu.ar\/portada\/wp-content\/uploads\/2022\/04\/3_20220328_125144_0002-1024x1024.png 1024w, https:\/\/www.fhycs.unam.edu.ar\/portada\/wp-content\/uploads\/2022\/04\/3_20220328_125144_0002-300x300.png 300w, https:\/\/www.fhycs.unam.edu.ar\/portada\/wp-content\/uploads\/2022\/04\/3_20220328_125144_0002-150x150.png 150w, https:\/\/www.fhycs.unam.edu.ar\/portada\/wp-content\/uploads\/2022\/04\/3_20220328_125144_0002-768x768.png 768w, https:\/\/www.fhycs.unam.edu.ar\/portada\/wp-content\/uploads\/2022\/04\/3_20220328_125144_0002.png 1080w\" sizes=\"(max-width: 1024px) 100vw, 1024px\" \/><\/figure>\n","protected":false},"excerpt":{"rendered":"<p>Se encuentran abiertas las inscripciones al Seminario de Posgrado GESTI\u00d3N AMBIENTAL PARTICIPATIVA DE CUENCAS H\u00cdDRICAS, en el marco del Posgrado Gesti\u00f3n del Desarrollo Socio Territorial, de la Facultad de Humanidades y Ciencias Sociales de la Universidad Nacional de Misiones. El seminario se dictar\u00e1 bajo la modalidad h\u00edbrida, los d\u00edas martes de 18 a 22 horas, [&hellip;]<\/p>\n","protected":false},"author":33,"featured_media":0,"comment_status":"open","ping_status":"closed","sticky":false,"template":"","format":"standard","meta":{"extendify_custom_stylesheet":""},"categories":[37,5088,5089,794,5251],"tags":[5,5362,2261],"_links":{"self":[{"href":"https:\/\/www.fhycs.unam.edu.ar\/portada\/wp-json\/wp\/v2\/posts\/33222"}],"collection":[{"href":"https:\/\/www.fhycs.unam.edu.ar\/portada\/wp-json\/wp\/v2\/posts"}],"about":[{"href":"https:\/\/www.fhycs.unam.edu.ar\/portada\/wp-json\/wp\/v2\/types\/post"}],"author":[{"embeddable":true,"href":"https:\/\/www.fhycs.unam.edu.ar\/portada\/wp-json\/wp\/v2\/users\/33"}],"replies":[{"embeddable":true,"href":"https:\/\/www.fhycs.unam.edu.ar\/portada\/wp-json\/wp\/v2\/comments?post=33222"}],"version-history":[{"count":5,"href":"https:\/\/www.fhycs.unam.edu.ar\/portada\/wp-json\/wp\/v2\/posts\/33222\/revisions"}],"predecessor-version":[{"id":33233,"href":"https:\/\/www.fhycs.unam.edu.ar\/portada\/wp-json\/wp\/v2\/posts\/33222\/revisions\/33233"}],"wp:attachment":[{"href":"https:\/\/www.fhycs.unam.edu.ar\/portada\/wp-json\/wp\/v2\/media?parent=33222"}],"wp:term":[{"taxonomy":"category","embeddable":true,"href":"https:\/\/www.fhycs.unam.edu.ar\/portada\/wp-json\/wp\/v2\/categories?post=33222"},{"taxonomy":"post_tag","embeddable":true,"href":"https:\/\/www.fhycs.unam.edu.ar\/portada\/wp-json\/wp\/v2\/tags?post=33222"}],"curies":[{"name":"wp","href":"https:\/\/api.w.org\/{rel}","templated":true}]}}