{"id":3340,"date":"2015-10-05T13:17:57","date_gmt":"2015-10-05T13:17:57","guid":{"rendered":"http:\/\/www.fhycs.unam.edu.ar\/portada\/?p=3340"},"modified":"2015-10-09T00:07:22","modified_gmt":"2015-10-09T00:07:22","slug":"hacia-mas-y-mejores-publicaciones-cientificas","status":"publish","type":"post","link":"https:\/\/www.fhycs.unam.edu.ar\/portada\/hacia-mas-y-mejores-publicaciones-cientificas\/","title":{"rendered":"Hacia m\u00e1s y mejores publicaciones cient\u00edficas"},"content":{"rendered":"<p style=\"text-align: justify;\"><a href=\"https:\/\/www.fhycs.unam.edu.ar\/portada\/wp-content\/uploads\/2015\/10\/images.jpg\"><img loading=\"lazy\" class=\"alignleft size-full wp-image-3344\" src=\"https:\/\/www.fhycs.unam.edu.ar\/portada\/wp-content\/uploads\/2015\/10\/images.jpg\" alt=\"images\" width=\"258\" height=\"195\" \/><\/a>La Secretar\u00eda de Investigaci\u00f3n y Posgrado <em>realizar\u00e1 <strong>&#8220;Talleres para Editores del PISAC (TEP): Revistas cient\u00edficas de Humanidades y Ciencias Sociales: gesti\u00f3n, edici\u00f3n y posicionamiento nacional e internacional&#8221;<\/strong><\/em><strong>, <\/strong>con el objetivo de contribuir a mejorar la gesti\u00f3n, el proceso editorial y la visibilidad de las revistas cient\u00edficas.<!--more--><\/p>\n<p style=\"text-align: justify;\">La actividad responde a una iniciativa de la decana <strong>Mgter. Gisela Spasiuk<\/strong>, interesada en profundizar la participaci\u00f3n de la FHyCS en el universo de las publicaciones peri\u00f3dicas. En ese sentido, es la continuidad del ciclo de actividades programadas en ese sentido. <a href=\"https:\/\/youtu.be\/NyNugdQp1Z8?list=PLz6qB65SUqlR_2pqRaodP5x6ofCTw2VJ7\" target=\"_blank\"><strong>La charla de la Dra. Ana Honfi<\/strong><\/a> y el lanzamiento de la <a href=\"https:\/\/www.fhycs.unam.edu.ar\/portada\/index.php\/2015\/08\/27\/tekoha-la-revista-de-extension-de-la-fhycs\/\" target=\"_blank\"><strong>Revista de Extensi\u00f3n, Tekoh\u00e1<\/strong><\/a>, que apuntan al mismo objetivo.<\/p>\n<blockquote>\n<p style=\"text-align: right;\"><span style=\"color: #008080;\"><em><strong>26 y 27 de octubre. <\/strong><\/em><\/span><\/p>\n<p style=\"text-align: right;\"><span style=\"color: #008080;\"><em>SUM del Edificio Juan Figueredo (Col\u00f3n 2368, 1\u00ba piso)<\/em><\/span><\/p>\n<\/blockquote>\n<p style=\"text-align: justify;\">Este taller se concreta en el marco del <strong><em>Programa de Fortalecimiento de Publicaciones Peri\u00f3dicas de Ciencias Sociales y Humanas<\/em><\/strong> impulsado por el Programa de Investigaci\u00f3n sobre la Sociedad Argentina Contempor\u00e1nea (CODESOC MINCyT) y est\u00e1 orientado a editores y personas relacionadas con la gesti\u00f3n de revistas cient\u00edficas, a fin de contribuir a la profesionalizaci\u00f3n de la edici\u00f3n, favorecer la visibilidad y la circulaci\u00f3n de publicaciones peri\u00f3dicas del \u00e1rea.<\/p>\n<p style=\"text-align: justify;\">Tiene una modalidad presencial intensiva de 12 hs. de reloj y 8 hs. virtuales posteriores al curso. El dictado estar\u00e1 a cargo de Carolina De Volder (UBA), Cecilia Rozemblum (UNLP), Carolina Unzurrunzaga (UNLP) y Andr\u00e9s Vuotto (UNLP).<\/p>\n<h6 style=\"text-align: justify;\"><strong>Objetivos claros<\/strong><\/h6>\n<p style=\"text-align: justify;\">En las ciencias en general, el art\u00edculo de revista representa el principal veh\u00edculo para la comunicaci\u00f3n de los resultados de la actividad investigadora\u037e y los procesos automatizados para su edici\u00f3n y difusi\u00f3n actualmente constituyen los mecanismos que mejor se adaptan a las exigencias de la comunidad cient\u00edfica y a los estrictos procesos de evaluaci\u00f3n.<\/p>\n<p style=\"text-align: justify;\">El objetivo principal de estos talleres es contribuir a mejorar la gesti\u00f3n, el proceso editorial y la visibilidad de las revistas cient\u00edficas y acad\u00e9micas especializadas en Ciencias Sociales y Humanas. Para lograrlo, ofrecer\u00e1n a los participantes informaci\u00f3n amplia acerca de las caracter\u00edsticas b\u00e1sicas y complementarias de las revistas cient\u00edficas seg\u00fan par\u00e1metros nacionales, regionales e internacionales.<\/p>\n<p style=\"text-align: justify;\">Tambi\u00e9n acompa\u00f1ar\u00e1n a los editores en una primera evaluaci\u00f3n formal en el cumplimiento de las caracter\u00edsticas b\u00e1sicas de una revista cient\u00edfica.<\/p>\n<h6 style=\"text-align: justify;\"><strong>Programa completo<\/strong><\/h6>\n<p style=\"text-align: justify;\"><code><iframe loading=\"lazy\" style=\"border: 1px solid #CCC; border-width: 1px; margin-bottom: 5px; max-width: 100%;\" src=\"\/\/www.slideshare.net\/slideshow\/embed_code\/key\/pHCTzxj5ASn1Qp\" width=\"477\" height=\"510\" frameborder=\"0\" marginwidth=\"0\" marginheight=\"0\" scrolling=\"no\" allowfullscreen=\"allowfullscreen\"> <\/iframe><br \/>\n<\/code><\/p>\n<div style=\"margin-bottom: 5px; text-align: justify;\"><strong> <a title=\"Talleres para Editores de Revistas Cient\u00edficas\" href=\"\/\/www.slideshare.net\/ComHumanidades\/talleres-para-editores-de-revistas-cientficas\" target=\"_blank\">Talleres para Editores de Revistas Cient\u00edficas<\/a> <\/strong> from <strong><a href=\"\/\/www.slideshare.net\/ComHumanidades\" target=\"_blank\">Facultad de Humanidades y Ciencias Sociales | UNaM<\/a><\/strong><\/div>\n","protected":false},"excerpt":{"rendered":"<p>La Secretar\u00eda de Investigaci\u00f3n y Posgrado realizar\u00e1 &#8220;Talleres para Editores del PISAC (TEP): Revistas cient\u00edficas de Humanidades y Ciencias Sociales: gesti\u00f3n, edici\u00f3n y posicionamiento nacional e internacional&#8221;, con el objetivo de contribuir a mejorar la gesti\u00f3n, el proceso editorial y la visibilidad de las revistas cient\u00edficas.<\/p>\n","protected":false},"author":2,"featured_media":3344,"comment_status":"open","ping_status":"open","sticky":false,"template":"","format":"standard","meta":{"extendify_custom_stylesheet":""},"categories":[35,36],"tags":[359,362,360,361,358,5,41,25,357,356],"_links":{"self":[{"href":"https:\/\/www.fhycs.unam.edu.ar\/portada\/wp-json\/wp\/v2\/posts\/3340"}],"collection":[{"href":"https:\/\/www.fhycs.unam.edu.ar\/portada\/wp-json\/wp\/v2\/posts"}],"about":[{"href":"https:\/\/www.fhycs.unam.edu.ar\/portada\/wp-json\/wp\/v2\/types\/post"}],"author":[{"embeddable":true,"href":"https:\/\/www.fhycs.unam.edu.ar\/portada\/wp-json\/wp\/v2\/users\/2"}],"replies":[{"embeddable":true,"href":"https:\/\/www.fhycs.unam.edu.ar\/portada\/wp-json\/wp\/v2\/comments?post=3340"}],"version-history":[{"count":8,"href":"https:\/\/www.fhycs.unam.edu.ar\/portada\/wp-json\/wp\/v2\/posts\/3340\/revisions"}],"predecessor-version":[{"id":3385,"href":"https:\/\/www.fhycs.unam.edu.ar\/portada\/wp-json\/wp\/v2\/posts\/3340\/revisions\/3385"}],"wp:featuredmedia":[{"embeddable":true,"href":"https:\/\/www.fhycs.unam.edu.ar\/portada\/wp-json\/wp\/v2\/media\/3344"}],"wp:attachment":[{"href":"https:\/\/www.fhycs.unam.edu.ar\/portada\/wp-json\/wp\/v2\/media?parent=3340"}],"wp:term":[{"taxonomy":"category","embeddable":true,"href":"https:\/\/www.fhycs.unam.edu.ar\/portada\/wp-json\/wp\/v2\/categories?post=3340"},{"taxonomy":"post_tag","embeddable":true,"href":"https:\/\/www.fhycs.unam.edu.ar\/portada\/wp-json\/wp\/v2\/tags?post=3340"}],"curies":[{"name":"wp","href":"https:\/\/api.w.org\/{rel}","templated":true}]}}