{"id":3361,"date":"2015-10-08T16:32:16","date_gmt":"2015-10-08T16:32:16","guid":{"rendered":"http:\/\/www.fhycs.unam.edu.ar\/portada\/?p=3361"},"modified":"2015-10-08T16:36:38","modified_gmt":"2015-10-08T16:36:38","slug":"actividades-de-investigacion-se-publican-en-el-diario-primera-edicion","status":"publish","type":"post","link":"https:\/\/www.fhycs.unam.edu.ar\/portada\/actividades-de-investigacion-se-publican-en-el-diario-primera-edicion\/","title":{"rendered":"Actividades de Investigaci\u00f3n se publican en el diario Primera Edici\u00f3n"},"content":{"rendered":"<p style=\"text-align: justify;\"><strong><a href=\"https:\/\/www.fhycs.unam.edu.ar\/portada\/wp-content\/uploads\/2015\/10\/enfoque.png\"><img loading=\"lazy\" class=\"alignleft wp-image-3362\" src=\"https:\/\/www.fhycs.unam.edu.ar\/portada\/wp-content\/uploads\/2015\/10\/enfoque.png\" alt=\"enfoque\" width=\"248\" height=\"319\" srcset=\"https:\/\/www.fhycs.unam.edu.ar\/portada\/wp-content\/uploads\/2015\/10\/enfoque.png 966w, https:\/\/www.fhycs.unam.edu.ar\/portada\/wp-content\/uploads\/2015\/10\/enfoque-233x300.png 233w, https:\/\/www.fhycs.unam.edu.ar\/portada\/wp-content\/uploads\/2015\/10\/enfoque-795x1024.png 795w, https:\/\/www.fhycs.unam.edu.ar\/portada\/wp-content\/uploads\/2015\/10\/enfoque-600x773.png 600w\" sizes=\"(max-width: 248px) 100vw, 248px\" \/><\/a>La Secretar\u00eda de Investigaci\u00f3n y Postgrado<\/strong> <strong>invit\u00f3 a investigadores a difundir las <\/strong>propuestas, avances y conclusiones de los diversos Proyectos de Investigaci\u00f3n en el <strong>Suplemento dominical \u201cEnfoque\u201d<\/strong> del Diario Primera Edici\u00f3n.<!--more--><\/p>\n<p style=\"text-align: justify;\">A tav\u00e9s de gestiones con ese medio de comunicaci\u00f3n, se abri\u00f3 un espacio que permite publicar en ese medio masivo y, por ende, socializar la producci\u00f3n de conocimiento de la FHyCS con la poblaci\u00f3n misionera en general y con la comunidad cient\u00edfica regional.<\/p>\n<p style=\"text-align: justify;\">La convocatoria es para todos los investigadores que est\u00e9n interesados, los que deber\u00e1n enviar un <strong>texto en lenguaje accesible al p\u00fablico en general<\/strong> &#8211; en formato de <strong>ensayo<\/strong> o como <strong>art\u00edculo corto<\/strong>&#8211; resumido y explicativo- desarrollando alguna de las tem\u00e1ticas abordadas en los proyectos. El\u00a0 material puede ser en coautor\u00eda.<\/p>\n<p style=\"text-align: justify;\">Las caracter\u00edsticas que debe poseer art\u00edculo a enviar son:<\/p>\n<p style=\"text-align: justify; padding-left: 30px;\"><em>-El texto ocupa de entre <strong>1<\/strong> <strong>y 3 p\u00e1ginas<\/strong> <strong>del peri\u00f3dico (ver ejemplo en archivo adjunto)<\/strong>. Las <strong>p\u00e1ginas<\/strong> se dise\u00f1an de acuerdo al <strong>material<\/strong> recibido: el <strong>m\u00ednimo de caracteres<\/strong> es de <strong>3.000<\/strong> y el <strong>m\u00e1ximo 6.000<\/strong> (dependiendo de las im\u00e1genes). En caso de ser <strong>dos p\u00e1ginas<\/strong> el <strong>m\u00ednimo<\/strong> es <strong>9.500<\/strong> y el <strong>m\u00e1ximo<\/strong> de <strong>12.000<\/strong> (tambi\u00e9n dependiendo de las im\u00e1genes o ilustraciones).<\/em><\/p>\n<p style=\"text-align: justify; padding-left: 30px;\"><em>-Cuando los art\u00edculos requieran <strong>recuadros<\/strong>, por favor <strong>destacar<\/strong> qu\u00e9 parte del <strong>texto<\/strong> se desea recuadrar.<\/em><\/p>\n<p style=\"text-align: justify; padding-left: 30px;\"><em>-Con respecto a las <strong>im\u00e1genes<\/strong>, en aquellos casos en que el autor no disponga de ellas, el diario puede ofrecer su archivo fotogr\u00e1fico. Tambi\u00e9n se dispone de dibujantes para realizar <strong>ilustraciones<\/strong>.<\/em><\/p>\n<p style=\"text-align: justify;\">La <strong>Secretar\u00eda de\u00a0 Investigaci\u00f3n y Postgrado<\/strong> recepcionar\u00e1 los textos en el correo <a href=\"mailto:difusion.sinvyp@gmail.com\">difusion.sinvyp@gmail.com<\/a> y los enviar\u00e1 al peri\u00f3dico para su publicaci\u00f3n. Sin embargo, <strong>no se har\u00e1 responsable de la edici\u00f3n final<\/strong>, la cual podr\u00e1 ser consultada por el autor -previamente a su impresi\u00f3n- con el diario.<\/p>\n<p style=\"text-align: justify;\">Publicaci\u00f3n realizada el Domingo 16 de Agosto de 2015.-<\/p>\n<p><code><iframe loading=\"lazy\" style=\"border: 1px solid #CCC; border-width: 1px; margin-bottom: 5px; max-width: 100%;\" src=\"\/\/www.slideshare.net\/slideshow\/embed_code\/key\/dcCt1uI2d0FEur\" width=\"477\" height=\"510\" frameborder=\"0\" marginwidth=\"0\" marginheight=\"0\" scrolling=\"no\" allowfullscreen=\"allowfullscreen\"> <\/iframe><br \/>\n<\/code><\/p>\n<div style=\"margin-bottom: 5px;\"><strong> <a title=\"Econom\u00eda Social vista desde el Trabajo Social -Un enfoque desde la transdiciplina-\" href=\"\/\/www.slideshare.net\/ComHumanidades\/economa-social-vista-desde-el-trabajo-social-un-enfoque-desde-la-transdiciplina\" target=\"_blank\">Econom\u00eda Social vista desde el Trabajo Social -Un enfoque desde la transdiciplina-<\/a> <\/strong> from <strong><a href=\"\/\/www.slideshare.net\/ComHumanidades\" target=\"_blank\">Facultad de Humanidades y Ciencias Sociales | UNaM<\/a><\/strong><\/div>\n","protected":false},"excerpt":{"rendered":"<p>La Secretar\u00eda de Investigaci\u00f3n y Postgrado invit\u00f3 a investigadores a difundir las propuestas, avances y conclusiones de los diversos Proyectos de Investigaci\u00f3n en el Suplemento dominical \u201cEnfoque\u201d del Diario Primera Edici\u00f3n.<\/p>\n","protected":false},"author":2,"featured_media":3362,"comment_status":"open","ping_status":"open","sticky":false,"template":"","format":"standard","meta":{"extendify_custom_stylesheet":""},"categories":[10,36],"tags":[382,381],"_links":{"self":[{"href":"https:\/\/www.fhycs.unam.edu.ar\/portada\/wp-json\/wp\/v2\/posts\/3361"}],"collection":[{"href":"https:\/\/www.fhycs.unam.edu.ar\/portada\/wp-json\/wp\/v2\/posts"}],"about":[{"href":"https:\/\/www.fhycs.unam.edu.ar\/portada\/wp-json\/wp\/v2\/types\/post"}],"author":[{"embeddable":true,"href":"https:\/\/www.fhycs.unam.edu.ar\/portada\/wp-json\/wp\/v2\/users\/2"}],"replies":[{"embeddable":true,"href":"https:\/\/www.fhycs.unam.edu.ar\/portada\/wp-json\/wp\/v2\/comments?post=3361"}],"version-history":[{"count":3,"href":"https:\/\/www.fhycs.unam.edu.ar\/portada\/wp-json\/wp\/v2\/posts\/3361\/revisions"}],"predecessor-version":[{"id":3365,"href":"https:\/\/www.fhycs.unam.edu.ar\/portada\/wp-json\/wp\/v2\/posts\/3361\/revisions\/3365"}],"wp:featuredmedia":[{"embeddable":true,"href":"https:\/\/www.fhycs.unam.edu.ar\/portada\/wp-json\/wp\/v2\/media\/3362"}],"wp:attachment":[{"href":"https:\/\/www.fhycs.unam.edu.ar\/portada\/wp-json\/wp\/v2\/media?parent=3361"}],"wp:term":[{"taxonomy":"category","embeddable":true,"href":"https:\/\/www.fhycs.unam.edu.ar\/portada\/wp-json\/wp\/v2\/categories?post=3361"},{"taxonomy":"post_tag","embeddable":true,"href":"https:\/\/www.fhycs.unam.edu.ar\/portada\/wp-json\/wp\/v2\/tags?post=3361"}],"curies":[{"name":"wp","href":"https:\/\/api.w.org\/{rel}","templated":true}]}}