{"id":3369,"date":"2015-10-09T00:05:15","date_gmt":"2015-10-09T00:05:15","guid":{"rendered":"http:\/\/www.fhycs.unam.edu.ar\/portada\/?p=3369"},"modified":"2015-10-09T00:06:46","modified_gmt":"2015-10-09T00:06:46","slug":"recuerdan-el-dia-mundial-de-la-salud-mental","status":"publish","type":"post","link":"https:\/\/www.fhycs.unam.edu.ar\/portada\/recuerdan-el-dia-mundial-de-la-salud-mental\/","title":{"rendered":"Recuerdan el \u201cD\u00eda Mundial de la Salud Mental\u201d"},"content":{"rendered":"<p style=\"text-align: justify;\"><a href=\"https:\/\/www.fhycs.unam.edu.ar\/portada\/wp-content\/uploads\/2015\/10\/afiche.jpg\"><img loading=\"lazy\" class=\"alignleft wp-image-3370\" src=\"https:\/\/www.fhycs.unam.edu.ar\/portada\/wp-content\/uploads\/2015\/10\/afiche.jpg\" alt=\"afiche\" width=\"352\" height=\"235\" srcset=\"https:\/\/www.fhycs.unam.edu.ar\/portada\/wp-content\/uploads\/2015\/10\/afiche.jpg 1000w, https:\/\/www.fhycs.unam.edu.ar\/portada\/wp-content\/uploads\/2015\/10\/afiche-300x200.jpg 300w, https:\/\/www.fhycs.unam.edu.ar\/portada\/wp-content\/uploads\/2015\/10\/afiche-600x400.jpg 600w\" sizes=\"(max-width: 352px) 100vw, 352px\" \/><\/a>Se celebra el 10 de octubre en m\u00e1s de 100 pa\u00edses. La fecha fue instaurada por iniciativa de la Federaci\u00f3n Mundial de la Salud Mental (WFMH) y\u00a0copatrocinada por la Organizaci\u00f3n Mundial de la Salud (OMS) en 1992. Prentende poner en la agenda p\u00fablica esta problem\u00e1tica social.<!--more--><\/p>\n<p style=\"text-align: justify;\">Para recordarlo, el Seminario de Trabajo Social y Salud Mental de la Licenciatura en Trabajo Social, a cargo de Laura de Pierini, desarroll\u00f3 una serie de actividades discutiendo, analizando y reflexionando c\u00f3mo generar actuaciones profesionales orientadas a promover servicios de salud accesibles e inclusivos. Fortaleciendo el modelo de atenci\u00f3n de la salud mental integral, descentralizado, participativo, con base en la articulaci\u00f3n con las organizaciones de la comunidad.<\/p>\n<blockquote>\n<p style=\"text-align: right;\"><strong><span style=\"color: #008080;\"><em>&#8220;La desinformaci\u00f3n produce que en muchas ocasiones no se comprenda, se estigmatice. Se discrimine y se rechace a las personas con padecimiento mental&#8221;.\u00a0<\/em><\/span><\/strong><\/p>\n<\/blockquote>\n<p style=\"text-align: justify;\">En Argentina, la\u00a0Ley Nacional N\u00ba 26.956\/14\u00a0instituy\u00f3 la misma fecha como \u201c<strong>D\u00eda Nacional de la Salud Mental\u201d<\/strong>, y conjuntamente con la Ley Nacional N\u00ba 26.657\/10, el Estado reafirma la decisi\u00f3n de proteger la salud mental de la poblaci\u00f3n, promover los derechos humanos y la inclusi\u00f3n social de quienes tienen padecimientos mentales.<\/p>\n<p style=\"text-align: justify;\">\u00a0<div id=\"metaslider-id-3381\" style=\"width: 100%; margin: 0 auto;\" class=\"ml-slider-3-27-13 metaslider metaslider-flex metaslider-3381 ml-slider ml-slider-lightbox-1-12-0 no-active-lightbox\">\n    <div id=\"metaslider_container_3381\">\n        <div id=\"metaslider_3381\" class=\"flexslider\">\n            <ul aria-live=\"polite\" class=\"slides\">\n                <li style=\"display: block; width: 100%;\" class=\"slide-3373 ms-image\"><a href=\"https:\/\/www.fhycs.unam.edu.ar\/portada\/wp-content\/uploads\/2015\/10\/grupo2.jpg\" target=\"_self\"><img width=\"1000\" height=\"667\" src=\"https:\/\/www.fhycs.unam.edu.ar\/portada\/wp-content\/uploads\/2015\/10\/grupo2.jpg\" class=\"slider-3381 slide-3373\" alt=\"\" loading=\"lazy\" rel=\"\" title=\"\" srcset=\"https:\/\/www.fhycs.unam.edu.ar\/portada\/wp-content\/uploads\/2015\/10\/grupo2.jpg 1000w, https:\/\/www.fhycs.unam.edu.ar\/portada\/wp-content\/uploads\/2015\/10\/grupo2-300x200.jpg 300w, https:\/\/www.fhycs.unam.edu.ar\/portada\/wp-content\/uploads\/2015\/10\/grupo2-600x400.jpg 600w\" sizes=\"(max-width: 1000px) 100vw, 1000px\" \/><\/a><div class=\"caption-wrap\"><div class=\"caption\">Estudiantes del Seminario Otativo de Salud Mental de la Licenciatura en Trabajo Social.<\/div><\/div><\/li>\n                <li style=\"display: none; width: 100%;\" class=\"slide-3372 ms-image\"><a href=\"https:\/\/www.fhycs.unam.edu.ar\/portada\/wp-content\/uploads\/2015\/10\/grupo1.jpg\" target=\"_self\"><img width=\"1000\" height=\"675\" src=\"https:\/\/www.fhycs.unam.edu.ar\/portada\/wp-content\/uploads\/2015\/10\/grupo1.jpg\" class=\"slider-3381 slide-3372\" alt=\"\" loading=\"lazy\" rel=\"\" title=\"\" srcset=\"https:\/\/www.fhycs.unam.edu.ar\/portada\/wp-content\/uploads\/2015\/10\/grupo1.jpg 1000w, https:\/\/www.fhycs.unam.edu.ar\/portada\/wp-content\/uploads\/2015\/10\/grupo1-300x203.jpg 300w, https:\/\/www.fhycs.unam.edu.ar\/portada\/wp-content\/uploads\/2015\/10\/grupo1-600x405.jpg 600w\" sizes=\"(max-width: 1000px) 100vw, 1000px\" \/><\/a><div class=\"caption-wrap\"><div class=\"caption\">Momento de selfie grupal. Disfrutando de la tarea realizada.<\/div><\/div><\/li>\n                <li style=\"display: none; width: 100%;\" class=\"slide-3371 ms-image\"><a href=\"https:\/\/www.fhycs.unam.edu.ar\/portada\/wp-content\/uploads\/2015\/10\/grupo.jpg\" target=\"_self\"><img width=\"1000\" height=\"667\" src=\"https:\/\/www.fhycs.unam.edu.ar\/portada\/wp-content\/uploads\/2015\/10\/grupo.jpg\" class=\"slider-3381 slide-3371\" alt=\"\" loading=\"lazy\" rel=\"\" title=\"\" srcset=\"https:\/\/www.fhycs.unam.edu.ar\/portada\/wp-content\/uploads\/2015\/10\/grupo.jpg 1000w, https:\/\/www.fhycs.unam.edu.ar\/portada\/wp-content\/uploads\/2015\/10\/grupo-300x200.jpg 300w, https:\/\/www.fhycs.unam.edu.ar\/portada\/wp-content\/uploads\/2015\/10\/grupo-600x400.jpg 600w\" sizes=\"(max-width: 1000px) 100vw, 1000px\" \/><\/a><div class=\"caption-wrap\"><div class=\"caption\">Confeccionando los afiches... reflexionando...<\/div><\/div><\/li>\n                <li style=\"display: none; width: 100%;\" class=\"slide-3370 ms-image\"><a href=\"https:\/\/www.fhycs.unam.edu.ar\/portada\/wp-content\/uploads\/2015\/10\/afiche.jpg\" target=\"_self\"><img width=\"1000\" height=\"667\" src=\"https:\/\/www.fhycs.unam.edu.ar\/portada\/wp-content\/uploads\/2015\/10\/afiche.jpg\" class=\"slider-3381 slide-3370\" alt=\"\" loading=\"lazy\" rel=\"\" title=\"\" srcset=\"https:\/\/www.fhycs.unam.edu.ar\/portada\/wp-content\/uploads\/2015\/10\/afiche.jpg 1000w, https:\/\/www.fhycs.unam.edu.ar\/portada\/wp-content\/uploads\/2015\/10\/afiche-300x200.jpg 300w, https:\/\/www.fhycs.unam.edu.ar\/portada\/wp-content\/uploads\/2015\/10\/afiche-600x400.jpg 600w\" sizes=\"(max-width: 1000px) 100vw, 1000px\" \/><\/a><div class=\"caption-wrap\"><div class=\"caption\">Un barco en el que estamos todos.<\/div><\/div><\/li>\n                <li style=\"display: none; width: 100%;\" class=\"slide-3375 ms-image\"><a href=\"https:\/\/www.fhycs.unam.edu.ar\/portada\/wp-content\/uploads\/2015\/10\/SAM_2293.jpg\" target=\"_self\"><img width=\"1000\" height=\"627\" src=\"https:\/\/www.fhycs.unam.edu.ar\/portada\/wp-content\/uploads\/2015\/10\/SAM_2293.jpg\" class=\"slider-3381 slide-3375\" alt=\"\" loading=\"lazy\" rel=\"\" title=\"\" srcset=\"https:\/\/www.fhycs.unam.edu.ar\/portada\/wp-content\/uploads\/2015\/10\/SAM_2293.jpg 1000w, https:\/\/www.fhycs.unam.edu.ar\/portada\/wp-content\/uploads\/2015\/10\/SAM_2293-300x188.jpg 300w, https:\/\/www.fhycs.unam.edu.ar\/portada\/wp-content\/uploads\/2015\/10\/SAM_2293-600x376.jpg 600w\" sizes=\"(max-width: 1000px) 100vw, 1000px\" \/><\/a><div class=\"caption-wrap\"><div class=\"caption\">Manos a la obra.<\/div><\/div><\/li>\n                <li style=\"display: none; width: 100%;\" class=\"slide-3374 ms-image\"><a href=\"https:\/\/www.fhycs.unam.edu.ar\/portada\/wp-content\/uploads\/2015\/10\/SAM_2290.jpg\" target=\"_self\"><img width=\"1000\" height=\"680\" src=\"https:\/\/www.fhycs.unam.edu.ar\/portada\/wp-content\/uploads\/2015\/10\/SAM_2290.jpg\" class=\"slider-3381 slide-3374\" alt=\"\" loading=\"lazy\" rel=\"\" title=\"\" srcset=\"https:\/\/www.fhycs.unam.edu.ar\/portada\/wp-content\/uploads\/2015\/10\/SAM_2290.jpg 1000w, https:\/\/www.fhycs.unam.edu.ar\/portada\/wp-content\/uploads\/2015\/10\/SAM_2290-300x204.jpg 300w, https:\/\/www.fhycs.unam.edu.ar\/portada\/wp-content\/uploads\/2015\/10\/SAM_2290-600x408.jpg 600w\" sizes=\"(max-width: 1000px) 100vw, 1000px\" \/><\/a><div class=\"caption-wrap\"><div class=\"caption\">Mucho entusiasmo!!<\/div><\/div><\/li>\n                <li style=\"display: none; width: 100%;\" class=\"slide-3378 ms-image\"><a href=\"https:\/\/www.fhycs.unam.edu.ar\/portada\/wp-content\/uploads\/2015\/10\/SAM_2316.jpg\" target=\"_self\"><img width=\"1000\" height=\"840\" src=\"https:\/\/www.fhycs.unam.edu.ar\/portada\/wp-content\/uploads\/2015\/10\/SAM_2316.jpg\" class=\"slider-3381 slide-3378\" alt=\"\" loading=\"lazy\" rel=\"\" title=\"\" srcset=\"https:\/\/www.fhycs.unam.edu.ar\/portada\/wp-content\/uploads\/2015\/10\/SAM_2316.jpg 1000w, https:\/\/www.fhycs.unam.edu.ar\/portada\/wp-content\/uploads\/2015\/10\/SAM_2316-300x252.jpg 300w, https:\/\/www.fhycs.unam.edu.ar\/portada\/wp-content\/uploads\/2015\/10\/SAM_2316-600x504.jpg 600w\" sizes=\"(max-width: 1000px) 100vw, 1000px\" \/><\/a><div class=\"caption-wrap\"><div class=\"caption\">Tarea finalizada.<\/div><\/div><\/li>\n                <li style=\"display: none; width: 100%;\" class=\"slide-3376 ms-image\"><a href=\"https:\/\/www.fhycs.unam.edu.ar\/portada\/wp-content\/uploads\/2015\/10\/SAM_2307.jpg\" target=\"_self\"><img width=\"1000\" height=\"676\" src=\"https:\/\/www.fhycs.unam.edu.ar\/portada\/wp-content\/uploads\/2015\/10\/SAM_2307.jpg\" class=\"slider-3381 slide-3376\" alt=\"\" loading=\"lazy\" rel=\"\" title=\"\" srcset=\"https:\/\/www.fhycs.unam.edu.ar\/portada\/wp-content\/uploads\/2015\/10\/SAM_2307.jpg 1000w, https:\/\/www.fhycs.unam.edu.ar\/portada\/wp-content\/uploads\/2015\/10\/SAM_2307-300x203.jpg 300w, https:\/\/www.fhycs.unam.edu.ar\/portada\/wp-content\/uploads\/2015\/10\/SAM_2307-600x406.jpg 600w\" sizes=\"(max-width: 1000px) 100vw, 1000px\" \/><\/a><div class=\"caption-wrap\"><div class=\"caption\">\u201cLa desinformaci\u00f3n produce que en muchas ocasiones que no se comprenda, se estigmatice, se discrimine y se rechace a las personas con padecimiento mental\u201d. <\/div><\/div><\/li>\n            <\/ul>\n        <\/div>\n        \n    <\/div>\n<\/div><\/p>\n","protected":false},"excerpt":{"rendered":"<p>Se celebra el 10 de octubre en m\u00e1s de 100 pa\u00edses. La fecha fue instaurada por iniciativa de la Federaci\u00f3n Mundial de la Salud Mental (WFMH) y\u00a0copatrocinada por la Organizaci\u00f3n Mundial de la Salud (OMS) en 1992. Prentende poner en la agenda p\u00fablica esta problem\u00e1tica social.<\/p>\n","protected":false},"author":2,"featured_media":3370,"comment_status":"open","ping_status":"open","sticky":false,"template":"","format":"standard","meta":{"extendify_custom_stylesheet":""},"categories":[42],"tags":[5,229,213,383],"_links":{"self":[{"href":"https:\/\/www.fhycs.unam.edu.ar\/portada\/wp-json\/wp\/v2\/posts\/3369"}],"collection":[{"href":"https:\/\/www.fhycs.unam.edu.ar\/portada\/wp-json\/wp\/v2\/posts"}],"about":[{"href":"https:\/\/www.fhycs.unam.edu.ar\/portada\/wp-json\/wp\/v2\/types\/post"}],"author":[{"embeddable":true,"href":"https:\/\/www.fhycs.unam.edu.ar\/portada\/wp-json\/wp\/v2\/users\/2"}],"replies":[{"embeddable":true,"href":"https:\/\/www.fhycs.unam.edu.ar\/portada\/wp-json\/wp\/v2\/comments?post=3369"}],"version-history":[{"count":4,"href":"https:\/\/www.fhycs.unam.edu.ar\/portada\/wp-json\/wp\/v2\/posts\/3369\/revisions"}],"predecessor-version":[{"id":3384,"href":"https:\/\/www.fhycs.unam.edu.ar\/portada\/wp-json\/wp\/v2\/posts\/3369\/revisions\/3384"}],"wp:featuredmedia":[{"embeddable":true,"href":"https:\/\/www.fhycs.unam.edu.ar\/portada\/wp-json\/wp\/v2\/media\/3370"}],"wp:attachment":[{"href":"https:\/\/www.fhycs.unam.edu.ar\/portada\/wp-json\/wp\/v2\/media?parent=3369"}],"wp:term":[{"taxonomy":"category","embeddable":true,"href":"https:\/\/www.fhycs.unam.edu.ar\/portada\/wp-json\/wp\/v2\/categories?post=3369"},{"taxonomy":"post_tag","embeddable":true,"href":"https:\/\/www.fhycs.unam.edu.ar\/portada\/wp-json\/wp\/v2\/tags?post=3369"}],"curies":[{"name":"wp","href":"https:\/\/api.w.org\/{rel}","templated":true}]}}