{"id":34478,"date":"2022-10-11T22:15:33","date_gmt":"2022-10-12T01:15:33","guid":{"rendered":"https:\/\/www.fhycs.unam.edu.ar\/portada\/?p=34478"},"modified":"2022-10-11T22:15:34","modified_gmt":"2022-10-12T01:15:34","slug":"se-invita-a-participar-del-seminario-pueblos-indigenas-y-desarrollo-perspectivas-criticas","status":"publish","type":"post","link":"https:\/\/www.fhycs.unam.edu.ar\/portada\/se-invita-a-participar-del-seminario-pueblos-indigenas-y-desarrollo-perspectivas-criticas\/","title":{"rendered":"Se Invita a participar del Seminario Pueblos Ind\u00edgenas y &#8220;Desarrollo&#8221;. Perspectivas Criticas"},"content":{"rendered":"\n<figure class=\"wp-block-image size-large\"><img loading=\"lazy\" width=\"1024\" height=\"1024\" src=\"https:\/\/www.fhycs.unam.edu.ar\/portada\/wp-content\/uploads\/2022\/10\/8b3cd5c8-f0fb-4b36-8f40-1a1a7da6437b-1024x1024.jpg\" alt=\"\" class=\"wp-image-34479\" srcset=\"https:\/\/www.fhycs.unam.edu.ar\/portada\/wp-content\/uploads\/2022\/10\/8b3cd5c8-f0fb-4b36-8f40-1a1a7da6437b-1024x1024.jpg 1024w, https:\/\/www.fhycs.unam.edu.ar\/portada\/wp-content\/uploads\/2022\/10\/8b3cd5c8-f0fb-4b36-8f40-1a1a7da6437b-300x300.jpg 300w, https:\/\/www.fhycs.unam.edu.ar\/portada\/wp-content\/uploads\/2022\/10\/8b3cd5c8-f0fb-4b36-8f40-1a1a7da6437b-150x150.jpg 150w, https:\/\/www.fhycs.unam.edu.ar\/portada\/wp-content\/uploads\/2022\/10\/8b3cd5c8-f0fb-4b36-8f40-1a1a7da6437b-768x768.jpg 768w, https:\/\/www.fhycs.unam.edu.ar\/portada\/wp-content\/uploads\/2022\/10\/8b3cd5c8-f0fb-4b36-8f40-1a1a7da6437b.jpg 1080w\" sizes=\"(max-width: 1024px) 100vw, 1024px\" \/><figcaption>\u2705 La Maestr\u00eda y Especializaci\u00f3n en Gesti\u00f3n del Desarrollo Socio Territorial invita a participar del Ciclo Latinoamericano de Conversatorios con L\u00edderes Ind\u00edgenas, en el marco del Seminario Pueblos Ind\u00edgenas y <code>Desarrollo<\/code> y coordinado por Carlos Salamanca Villamizar (CONICET).<br>.<br>\ud83d\udcd9 Modalidad h\u00edbrida I \ud83d\uddd3 Martes de 18 hs (11, 18 y 25 de octubre; 1 de noviembre)<br>.<br>Link de inscripci\u00f3n \ud83d\udc49 https:\/\/forms.gle\/erkFAnDxrN11GKVm9<\/figcaption><\/figure>\n","protected":false},"excerpt":{"rendered":"","protected":false},"author":33,"featured_media":0,"comment_status":"open","ping_status":"closed","sticky":false,"template":"","format":"standard","meta":{"extendify_custom_stylesheet":""},"categories":[5089,5251],"tags":[],"_links":{"self":[{"href":"https:\/\/www.fhycs.unam.edu.ar\/portada\/wp-json\/wp\/v2\/posts\/34478"}],"collection":[{"href":"https:\/\/www.fhycs.unam.edu.ar\/portada\/wp-json\/wp\/v2\/posts"}],"about":[{"href":"https:\/\/www.fhycs.unam.edu.ar\/portada\/wp-json\/wp\/v2\/types\/post"}],"author":[{"embeddable":true,"href":"https:\/\/www.fhycs.unam.edu.ar\/portada\/wp-json\/wp\/v2\/users\/33"}],"replies":[{"embeddable":true,"href":"https:\/\/www.fhycs.unam.edu.ar\/portada\/wp-json\/wp\/v2\/comments?post=34478"}],"version-history":[{"count":2,"href":"https:\/\/www.fhycs.unam.edu.ar\/portada\/wp-json\/wp\/v2\/posts\/34478\/revisions"}],"predecessor-version":[{"id":34481,"href":"https:\/\/www.fhycs.unam.edu.ar\/portada\/wp-json\/wp\/v2\/posts\/34478\/revisions\/34481"}],"wp:attachment":[{"href":"https:\/\/www.fhycs.unam.edu.ar\/portada\/wp-json\/wp\/v2\/media?parent=34478"}],"wp:term":[{"taxonomy":"category","embeddable":true,"href":"https:\/\/www.fhycs.unam.edu.ar\/portada\/wp-json\/wp\/v2\/categories?post=34478"},{"taxonomy":"post_tag","embeddable":true,"href":"https:\/\/www.fhycs.unam.edu.ar\/portada\/wp-json\/wp\/v2\/tags?post=34478"}],"curies":[{"name":"wp","href":"https:\/\/api.w.org\/{rel}","templated":true}]}}