{"id":34776,"date":"2022-11-04T17:17:22","date_gmt":"2022-11-04T20:17:22","guid":{"rendered":"https:\/\/www.fhycs.unam.edu.ar\/portada\/?p=34776"},"modified":"2023-08-02T06:15:49","modified_gmt":"2023-08-02T09:15:49","slug":"comunicado-4","status":"publish","type":"post","link":"https:\/\/www.fhycs.unam.edu.ar\/portada\/comunicado-4\/","title":{"rendered":"COMUNICADO"},"content":{"rendered":"<hr \/>\n<p>Desde el Decanato y el Equipo de Gesti\u00f3n de la Facultad de Humanidades y Ciencias Sociales, manifestamos nuestro total repudio a todo tipo de violencia, abuso o acoso, que pueda presentarse entre integrantes de nuestra comunidad educativa. Resulta imperioso que sigamos trabajando intensamente en la desnaturalizaci\u00f3n y erradicaci\u00f3n de estas pr\u00e1cticas fuertemente arraigadas en nuestra sociedad.<\/p>\n<p><span style=\"font-weight: 400;\">Sobre los hechos de conocimiento p\u00fablico, informamos que se est\u00e1n instrumentando las acciones institucionales correspondientes<\/span> <span style=\"font-weight: 400;\">dando curso al proceso de investigaci\u00f3n a trav\u00e9s del \u00e1rea de protocolo de la UNaM para la<\/span> <span style=\"font-weight: 400;\">atenci\u00f3n de las afectadas.\u00a0\u00a0<\/span><\/p>\n<p><span style=\"font-weight: 400;\">Avanzaremos en la clarificaci\u00f3n y seguimiento de estos hechos; requerimos\u00a0 el compromiso y participaci\u00f3n de todos los actores de la comunidad universitaria para ello.\u00a0<\/span><\/p>\n<p><span style=\"font-weight: 400;\">Nuestra prioridad son las v\u00edctimas, su protecci\u00f3n y cuidado. Las pr\u00e1cticas que atentan contra el\u00a0 derecho de nuestras\/os estudiantes a estudiar en condiciones de bienestar, da\u00f1an la imagen de nuestra instituci\u00f3n.<\/span><\/p>\n<p><span style=\"font-weight: 400;\">Las solidaridades desde todos los claustros para abordar los sucesos son parte de las respuestas institucionales mientras seguimos\u00a0 trabajando para habitar universidades libres de violencias.\u00a0<\/span><\/p>\n","protected":false},"excerpt":{"rendered":"<p>Desde el Decanato y el Equipo de Gesti\u00f3n de la Facultad de Humanidades y Ciencias Sociales, manifestamos nuestro total repudio a todo tipo de violencia, abuso o acoso, que pueda presentarse entre integrantes de nuestra comunidad educativa. Resulta imperioso que sigamos trabajando intensamente en la desnaturalizaci\u00f3n y erradicaci\u00f3n de estas pr\u00e1cticas fuertemente arraigadas en nuestra [&hellip;]<\/p>\n","protected":false},"author":10,"featured_media":15387,"comment_status":"open","ping_status":"closed","sticky":false,"template":"","format":"standard","meta":{"extendify_custom_stylesheet":""},"categories":[5551],"tags":[5569],"_links":{"self":[{"href":"https:\/\/www.fhycs.unam.edu.ar\/portada\/wp-json\/wp\/v2\/posts\/34776"}],"collection":[{"href":"https:\/\/www.fhycs.unam.edu.ar\/portada\/wp-json\/wp\/v2\/posts"}],"about":[{"href":"https:\/\/www.fhycs.unam.edu.ar\/portada\/wp-json\/wp\/v2\/types\/post"}],"author":[{"embeddable":true,"href":"https:\/\/www.fhycs.unam.edu.ar\/portada\/wp-json\/wp\/v2\/users\/10"}],"replies":[{"embeddable":true,"href":"https:\/\/www.fhycs.unam.edu.ar\/portada\/wp-json\/wp\/v2\/comments?post=34776"}],"version-history":[{"count":3,"href":"https:\/\/www.fhycs.unam.edu.ar\/portada\/wp-json\/wp\/v2\/posts\/34776\/revisions"}],"predecessor-version":[{"id":36215,"href":"https:\/\/www.fhycs.unam.edu.ar\/portada\/wp-json\/wp\/v2\/posts\/34776\/revisions\/36215"}],"wp:featuredmedia":[{"embeddable":true,"href":"https:\/\/www.fhycs.unam.edu.ar\/portada\/wp-json\/wp\/v2\/media\/15387"}],"wp:attachment":[{"href":"https:\/\/www.fhycs.unam.edu.ar\/portada\/wp-json\/wp\/v2\/media?parent=34776"}],"wp:term":[{"taxonomy":"category","embeddable":true,"href":"https:\/\/www.fhycs.unam.edu.ar\/portada\/wp-json\/wp\/v2\/categories?post=34776"},{"taxonomy":"post_tag","embeddable":true,"href":"https:\/\/www.fhycs.unam.edu.ar\/portada\/wp-json\/wp\/v2\/tags?post=34776"}],"curies":[{"name":"wp","href":"https:\/\/api.w.org\/{rel}","templated":true}]}}