{"id":35439,"date":"2023-03-23T10:45:08","date_gmt":"2023-03-23T13:45:08","guid":{"rendered":"https:\/\/www.fhycs.unam.edu.ar\/portada\/?p=35439"},"modified":"2023-05-30T10:13:38","modified_gmt":"2023-05-30T13:13:38","slug":"muestra-fotografica-eduardo-longoni-testimonio-de-un-reportero-grafico","status":"publish","type":"post","link":"https:\/\/www.fhycs.unam.edu.ar\/portada\/muestra-fotografica-eduardo-longoni-testimonio-de-un-reportero-grafico\/","title":{"rendered":"Muestra Fotogr\u00e1fica: Eduardo Longoni, testimonio de un reportero gr\u00e1fico"},"content":{"rendered":"<p><img loading=\"lazy\" class=\"size-medium wp-image-35440 alignleft\" src=\"https:\/\/www.fhycs.unam.edu.ar\/portada\/wp-content\/uploads\/2023\/03\/flyer-muestra-fotografia-Eduardo-Longoni-300x300.jpeg\" alt=\"\" width=\"300\" height=\"300\" srcset=\"https:\/\/www.fhycs.unam.edu.ar\/portada\/wp-content\/uploads\/2023\/03\/flyer-muestra-fotografia-Eduardo-Longoni-300x300.jpeg 300w, https:\/\/www.fhycs.unam.edu.ar\/portada\/wp-content\/uploads\/2023\/03\/flyer-muestra-fotografia-Eduardo-Longoni-1024x1024.jpeg 1024w, https:\/\/www.fhycs.unam.edu.ar\/portada\/wp-content\/uploads\/2023\/03\/flyer-muestra-fotografia-Eduardo-Longoni-150x150.jpeg 150w, https:\/\/www.fhycs.unam.edu.ar\/portada\/wp-content\/uploads\/2023\/03\/flyer-muestra-fotografia-Eduardo-Longoni-768x768.jpeg 768w, https:\/\/www.fhycs.unam.edu.ar\/portada\/wp-content\/uploads\/2023\/03\/flyer-muestra-fotografia-Eduardo-Longoni.jpeg 1080w\" sizes=\"(max-width: 300px) 100vw, 300px\" \/>La propuesta surge desde el Proyecto de Extensi\u00f3n &#8220;Comunicaci\u00f3n y Memoria Visual. Argentina de los \u00faltimos 40 a\u00f1os. Fotograf\u00edas y testimonio del reportero gr\u00e1fico Eduardo Longoni&#8221; que se desarrolla mediante la articulaci\u00f3n de las Facultades de Humanidades y Ciencias Sociales (Res. N\u00ba034\/23) y de Arte y Dise\u00f1o (Res. N\u00ba09\/23) de la Universidad Nacional de Misiones.<!--more--><\/p>\n<blockquote>\n<h4 style=\"text-align: right;\"><span style=\"color: #008080;\">El viernes 24 de marzo se montaran las fotos de Eduardo Longoni en las instalaciones de la Facultad de Humanidades y Ciencias Sociales, en los edificios ubicados sobre calle San Lorenzo 2551 y Tucum\u00e1n 1946.<\/span><\/h4>\n<\/blockquote>\n<p>Fragmentos de la memoria de nuestro pa\u00eds: dictadura, Malvinas, la Tablada, Madres de Plaza de Mayo, el Diego.<br \/>\nRe-cortes de nuestra vida en las \u00faltimas d\u00e9cadas en la voz de su autor, Eduardo Longoni -reportero gr\u00e1fico-, cuyo trabajo testimonial y de memoria toman una dimensi\u00f3n \u00e9tica-pol\u00edtica del binomio memoria\/olvido.<\/p>\n<p>Invitamos a escuchar el testimonio de una \u00e9poca oscura de nuestro pa\u00eds, que relata los sentidos de esa contemporaneidad y los actuales.<br \/>\nDi\u00e1logo entre el pasado y el presente, un compromiso \u00e9tico-pol\u00edtico para compartir con la ciudadan\u00eda misionera.<\/p>\n","protected":false},"excerpt":{"rendered":"<p>La propuesta surge desde el Proyecto de Extensi\u00f3n &#8220;Comunicaci\u00f3n y Memoria Visual. Argentina de los \u00faltimos 40 a\u00f1os. Fotograf\u00edas y testimonio del reportero gr\u00e1fico Eduardo Longoni&#8221; que se desarrolla mediante la articulaci\u00f3n de las Facultades de Humanidades y Ciencias Sociales (Res. N\u00ba034\/23) y de Arte y Dise\u00f1o (Res. N\u00ba09\/23) de la Universidad Nacional de Misiones.<\/p>\n","protected":false},"author":10,"featured_media":35441,"comment_status":"open","ping_status":"closed","sticky":false,"template":"","format":"standard","meta":{"extendify_custom_stylesheet":""},"categories":[1],"tags":[5637,5638],"_links":{"self":[{"href":"https:\/\/www.fhycs.unam.edu.ar\/portada\/wp-json\/wp\/v2\/posts\/35439"}],"collection":[{"href":"https:\/\/www.fhycs.unam.edu.ar\/portada\/wp-json\/wp\/v2\/posts"}],"about":[{"href":"https:\/\/www.fhycs.unam.edu.ar\/portada\/wp-json\/wp\/v2\/types\/post"}],"author":[{"embeddable":true,"href":"https:\/\/www.fhycs.unam.edu.ar\/portada\/wp-json\/wp\/v2\/users\/10"}],"replies":[{"embeddable":true,"href":"https:\/\/www.fhycs.unam.edu.ar\/portada\/wp-json\/wp\/v2\/comments?post=35439"}],"version-history":[{"count":1,"href":"https:\/\/www.fhycs.unam.edu.ar\/portada\/wp-json\/wp\/v2\/posts\/35439\/revisions"}],"predecessor-version":[{"id":35442,"href":"https:\/\/www.fhycs.unam.edu.ar\/portada\/wp-json\/wp\/v2\/posts\/35439\/revisions\/35442"}],"wp:featuredmedia":[{"embeddable":true,"href":"https:\/\/www.fhycs.unam.edu.ar\/portada\/wp-json\/wp\/v2\/media\/35441"}],"wp:attachment":[{"href":"https:\/\/www.fhycs.unam.edu.ar\/portada\/wp-json\/wp\/v2\/media?parent=35439"}],"wp:term":[{"taxonomy":"category","embeddable":true,"href":"https:\/\/www.fhycs.unam.edu.ar\/portada\/wp-json\/wp\/v2\/categories?post=35439"},{"taxonomy":"post_tag","embeddable":true,"href":"https:\/\/www.fhycs.unam.edu.ar\/portada\/wp-json\/wp\/v2\/tags?post=35439"}],"curies":[{"name":"wp","href":"https:\/\/api.w.org\/{rel}","templated":true}]}}