{"id":36138,"date":"2023-07-31T10:00:50","date_gmt":"2023-07-31T13:00:50","guid":{"rendered":"https:\/\/www.fhycs.unam.edu.ar\/portada\/?p=36138"},"modified":"2023-08-02T12:36:28","modified_gmt":"2023-08-02T15:36:28","slug":"inscripciones-para-la-segunda-edicion-del-celpe-bras","status":"publish","type":"post","link":"https:\/\/www.fhycs.unam.edu.ar\/portada\/inscripciones-para-la-segunda-edicion-del-celpe-bras\/","title":{"rendered":"Edici\u00f3n 2023 Celpe-Bras"},"content":{"rendered":"<p><img loading=\"lazy\" class=\"size-medium wp-image-36139 alignleft\" src=\"https:\/\/www.fhycs.unam.edu.ar\/portada\/wp-content\/uploads\/2023\/07\/celpebras-300x300.png\" alt=\"\" width=\"300\" height=\"300\" srcset=\"https:\/\/www.fhycs.unam.edu.ar\/portada\/wp-content\/uploads\/2023\/07\/celpebras-300x300.png 300w, https:\/\/www.fhycs.unam.edu.ar\/portada\/wp-content\/uploads\/2023\/07\/celpebras-1024x1024.png 1024w, https:\/\/www.fhycs.unam.edu.ar\/portada\/wp-content\/uploads\/2023\/07\/celpebras-150x150.png 150w, https:\/\/www.fhycs.unam.edu.ar\/portada\/wp-content\/uploads\/2023\/07\/celpebras-768x768.png 768w, https:\/\/www.fhycs.unam.edu.ar\/portada\/wp-content\/uploads\/2023\/07\/celpebras.png 1080w\" sizes=\"(max-width: 300px) 100vw, 300px\" \/><\/p>\n<p>Cronograma de actividades de inscripci\u00f3n y realizaci\u00f3n del examen CELPE-BRAS<\/p>\n<table width=\"558\">\n<tbody>\n<tr>\n<td colspan=\"3\" width=\"558\"><strong>CELPE-BRAS 2023<\/strong><\/td>\n<\/tr>\n<tr>\n<td width=\"244\"><strong>ACTIVIDADES<\/strong><\/td>\n<td width=\"170\"><strong>FECHA INICIAL<\/strong><\/td>\n<td width=\"144\"><strong>FECHA FINAL<\/strong><\/td>\n<\/tr>\n<tr>\n<td width=\"244\">Inscripci\u00f3n<\/td>\n<td width=\"170\">07\/08\/2023\u00a0<strong>a las 4h<\/strong><\/td>\n<td width=\"144\">18\/08\/2023<\/td>\n<\/tr>\n<tr>\n<td width=\"244\">Homologaci\u00f3n Posto Aplicador<\/td>\n<td width=\"170\">07\/08\/2023<\/td>\n<td width=\"144\">25\/08\/2023<\/td>\n<\/tr>\n<tr>\n<td width=\"244\">Realizaci\u00f3n del examen<\/td>\n<td width=\"170\">24 a 25\/10\/2023<\/td>\n<td width=\"144\">24 a 25\/10\/2023<\/td>\n<\/tr>\n<tr>\n<td width=\"244\">Resultados<\/td>\n<td width=\"170\">15\/12\/2023<\/td>\n<td width=\"144\">1\/12\/2023<\/td>\n<\/tr>\n<\/tbody>\n<\/table>\n<p>&nbsp;<\/p>\n<p>La inscripci\u00f3n se realizada v\u00eda Internet en la direcci\u00f3n: <a href=\"http:\/\/celpebras.inep.gov.br\">http:\/\/celpebras.inep.gov.br<\/a><\/p>\n<p>Paralelo a la inscripci\u00f3n en la p\u00e1gina del Celpe-Bras, el inscripto debe comunicarse con los organizadores de la aplicaci\u00f3n del examen en la FHyCS &#8211; UNaMcon el prop\u00f3sito de efectuar los tr\u00e1mites espec\u00edficos en la UNaM.<\/p>\n<p>Correo electr\u00f3nico <a href=\"mailto:celpebrasunam@gmail.com\">celpebrasunam@gmail.com<\/a><\/p>\n<p>WhatsApp:<\/p>\n<p>054 376 451 0607 &#8211; 054 376 453 6521<\/p>\n<p>Coordinadora:<\/p>\n<p>Dra. Ivene Carissini da Maia<\/p>\n<p>Coordinadora adjunto:<\/p>\n<p>Prof. F\u00e1tima Maria Sikora<\/p>\n<p>Responsable por el sistema web:<\/p>\n<p>Prof. Violeta Roc\u00edo Itat\u00ed Flores<\/p>\n","protected":false},"excerpt":{"rendered":"<p>Cronograma de actividades de inscripci\u00f3n y realizaci\u00f3n del examen CELPE-BRAS CELPE-BRAS 2023 ACTIVIDADES FECHA INICIAL FECHA FINAL Inscripci\u00f3n 07\/08\/2023\u00a0a las 4h 18\/08\/2023 Homologaci\u00f3n Posto Aplicador 07\/08\/2023 25\/08\/2023 Realizaci\u00f3n del examen 24 a 25\/10\/2023 24 a 25\/10\/2023 Resultados 15\/12\/2023 1\/12\/2023 &nbsp; La inscripci\u00f3n se realizada v\u00eda Internet en la direcci\u00f3n: http:\/\/celpebras.inep.gov.br Paralelo a la inscripci\u00f3n en [&hellip;]<\/p>\n","protected":false},"author":10,"featured_media":36139,"comment_status":"open","ping_status":"closed","sticky":false,"template":"","format":"standard","meta":{"extendify_custom_stylesheet":""},"categories":[1],"tags":[5,5707],"_links":{"self":[{"href":"https:\/\/www.fhycs.unam.edu.ar\/portada\/wp-json\/wp\/v2\/posts\/36138"}],"collection":[{"href":"https:\/\/www.fhycs.unam.edu.ar\/portada\/wp-json\/wp\/v2\/posts"}],"about":[{"href":"https:\/\/www.fhycs.unam.edu.ar\/portada\/wp-json\/wp\/v2\/types\/post"}],"author":[{"embeddable":true,"href":"https:\/\/www.fhycs.unam.edu.ar\/portada\/wp-json\/wp\/v2\/users\/10"}],"replies":[{"embeddable":true,"href":"https:\/\/www.fhycs.unam.edu.ar\/portada\/wp-json\/wp\/v2\/comments?post=36138"}],"version-history":[{"count":2,"href":"https:\/\/www.fhycs.unam.edu.ar\/portada\/wp-json\/wp\/v2\/posts\/36138\/revisions"}],"predecessor-version":[{"id":36178,"href":"https:\/\/www.fhycs.unam.edu.ar\/portada\/wp-json\/wp\/v2\/posts\/36138\/revisions\/36178"}],"wp:featuredmedia":[{"embeddable":true,"href":"https:\/\/www.fhycs.unam.edu.ar\/portada\/wp-json\/wp\/v2\/media\/36139"}],"wp:attachment":[{"href":"https:\/\/www.fhycs.unam.edu.ar\/portada\/wp-json\/wp\/v2\/media?parent=36138"}],"wp:term":[{"taxonomy":"category","embeddable":true,"href":"https:\/\/www.fhycs.unam.edu.ar\/portada\/wp-json\/wp\/v2\/categories?post=36138"},{"taxonomy":"post_tag","embeddable":true,"href":"https:\/\/www.fhycs.unam.edu.ar\/portada\/wp-json\/wp\/v2\/tags?post=36138"}],"curies":[{"name":"wp","href":"https:\/\/api.w.org\/{rel}","templated":true}]}}