{"id":36423,"date":"2023-09-04T08:24:44","date_gmt":"2023-09-04T11:24:44","guid":{"rendered":"https:\/\/www.fhycs.unam.edu.ar\/portada\/?p=36423"},"modified":"2023-09-04T08:24:44","modified_gmt":"2023-09-04T11:24:44","slug":"taller-de-dialogos-para-avanzar-en-la-igualdad-de-genero","status":"publish","type":"post","link":"https:\/\/www.fhycs.unam.edu.ar\/portada\/taller-de-dialogos-para-avanzar-en-la-igualdad-de-genero\/","title":{"rendered":"Taller de di\u00e1logos para avanzar en la igualdad de g\u00e9nero"},"content":{"rendered":"<p><img loading=\"lazy\" class=\"size-medium wp-image-36424 alignleft\" src=\"https:\/\/www.fhycs.unam.edu.ar\/portada\/wp-content\/uploads\/2023\/09\/dialogos-genero-300x296.jpeg\" alt=\"\" width=\"300\" height=\"296\" srcset=\"https:\/\/www.fhycs.unam.edu.ar\/portada\/wp-content\/uploads\/2023\/09\/dialogos-genero-300x296.jpeg 300w, https:\/\/www.fhycs.unam.edu.ar\/portada\/wp-content\/uploads\/2023\/09\/dialogos-genero.jpeg 579w\" sizes=\"(max-width: 300px) 100vw, 300px\" \/><\/p>\n<p>Desde la Plataforma Argentina de Monitoreo Para la Agenda 2030 (PAMPA2030) organizan e invitan al taller de Di\u00e1logos para avanzar en la Igualdad de G\u00e9nero, formar y difundir el Convenio 190 sobre violencia y acoso, y sus implicaciones en la legislaci\u00f3n Argentina y provincial, as\u00ed como desarrollar metodolog\u00edas asertivas para la intervenci\u00f3n territorial. <!--more--><\/p>\n<p>&#8211; Mi\u00e9rcoles 6 y Jueves 7 de 9 a 12:30 hs y de 15 a 18:30 hs<\/p>\n<p>&#8211; Viernes 8 de 9 a 12:30hs<\/p>\n<p>El 6 ser\u00e1 la apertura en el Museo An\u00edbal Cambas, mientras que los d\u00edas 7 y 8 se realizar\u00e1 en el SUM del Edif. Juan Figueredo de la facultad (Col\u00f3n 2368, primer piso)<\/p>\n<p>Inscribite ac\u00e1!: https:\/\/forms.gle\/skSGfa6rACK6cCLb6<\/p>\n<p>Insta: https:\/\/www.instagram.com\/pampa2030\/?hl=es<\/p>\n","protected":false},"excerpt":{"rendered":"<p>Desde la Plataforma Argentina de Monitoreo Para la Agenda 2030 (PAMPA2030) organizan e invitan al taller de Di\u00e1logos para avanzar en la Igualdad de G\u00e9nero, formar y difundir el Convenio 190 sobre violencia y acoso, y sus implicaciones en la legislaci\u00f3n Argentina y provincial, as\u00ed como desarrollar metodolog\u00edas asertivas para la intervenci\u00f3n territorial.<\/p>\n","protected":false},"author":10,"featured_media":36424,"comment_status":"open","ping_status":"closed","sticky":false,"template":"","format":"standard","meta":{"extendify_custom_stylesheet":""},"categories":[1],"tags":[5,5758],"_links":{"self":[{"href":"https:\/\/www.fhycs.unam.edu.ar\/portada\/wp-json\/wp\/v2\/posts\/36423"}],"collection":[{"href":"https:\/\/www.fhycs.unam.edu.ar\/portada\/wp-json\/wp\/v2\/posts"}],"about":[{"href":"https:\/\/www.fhycs.unam.edu.ar\/portada\/wp-json\/wp\/v2\/types\/post"}],"author":[{"embeddable":true,"href":"https:\/\/www.fhycs.unam.edu.ar\/portada\/wp-json\/wp\/v2\/users\/10"}],"replies":[{"embeddable":true,"href":"https:\/\/www.fhycs.unam.edu.ar\/portada\/wp-json\/wp\/v2\/comments?post=36423"}],"version-history":[{"count":1,"href":"https:\/\/www.fhycs.unam.edu.ar\/portada\/wp-json\/wp\/v2\/posts\/36423\/revisions"}],"predecessor-version":[{"id":36425,"href":"https:\/\/www.fhycs.unam.edu.ar\/portada\/wp-json\/wp\/v2\/posts\/36423\/revisions\/36425"}],"wp:featuredmedia":[{"embeddable":true,"href":"https:\/\/www.fhycs.unam.edu.ar\/portada\/wp-json\/wp\/v2\/media\/36424"}],"wp:attachment":[{"href":"https:\/\/www.fhycs.unam.edu.ar\/portada\/wp-json\/wp\/v2\/media?parent=36423"}],"wp:term":[{"taxonomy":"category","embeddable":true,"href":"https:\/\/www.fhycs.unam.edu.ar\/portada\/wp-json\/wp\/v2\/categories?post=36423"},{"taxonomy":"post_tag","embeddable":true,"href":"https:\/\/www.fhycs.unam.edu.ar\/portada\/wp-json\/wp\/v2\/tags?post=36423"}],"curies":[{"name":"wp","href":"https:\/\/api.w.org\/{rel}","templated":true}]}}