{"id":36426,"date":"2023-09-04T12:41:06","date_gmt":"2023-09-04T15:41:06","guid":{"rendered":"https:\/\/www.fhycs.unam.edu.ar\/portada\/?p=36426"},"modified":"2023-09-04T12:41:06","modified_gmt":"2023-09-04T15:41:06","slug":"diplomatura-superior-en-atencion-educacion-e-intervencion-temprana-del-desarrollo-infantil","status":"publish","type":"post","link":"https:\/\/www.fhycs.unam.edu.ar\/portada\/diplomatura-superior-en-atencion-educacion-e-intervencion-temprana-del-desarrollo-infantil\/","title":{"rendered":"Diplomatura Superior en Atenci\u00f3n, Educaci\u00f3n e Intervenci\u00f3n Temprana del Desarrollo Infantil"},"content":{"rendered":"<p><img loading=\"lazy\" class=\"size-medium wp-image-36427 alignleft\" src=\"https:\/\/www.fhycs.unam.edu.ar\/portada\/wp-content\/uploads\/2023\/09\/Diplomatura-Superior-en-Atencion-Educacion-e-Intervencion-Temprana-del-Desarrollo-Infantil-2023-212x300.png\" alt=\"\" width=\"212\" height=\"300\" srcset=\"https:\/\/www.fhycs.unam.edu.ar\/portada\/wp-content\/uploads\/2023\/09\/Diplomatura-Superior-en-Atencion-Educacion-e-Intervencion-Temprana-del-Desarrollo-Infantil-2023-212x300.png 212w, https:\/\/www.fhycs.unam.edu.ar\/portada\/wp-content\/uploads\/2023\/09\/Diplomatura-Superior-en-Atencion-Educacion-e-Intervencion-Temprana-del-Desarrollo-Infantil-2023-724x1024.png 724w, https:\/\/www.fhycs.unam.edu.ar\/portada\/wp-content\/uploads\/2023\/09\/Diplomatura-Superior-en-Atencion-Educacion-e-Intervencion-Temprana-del-Desarrollo-Infantil-2023-768x1086.png 768w, https:\/\/www.fhycs.unam.edu.ar\/portada\/wp-content\/uploads\/2023\/09\/Diplomatura-Superior-en-Atencion-Educacion-e-Intervencion-Temprana-del-Desarrollo-Infantil-2023-1086x1536.png 1086w, https:\/\/www.fhycs.unam.edu.ar\/portada\/wp-content\/uploads\/2023\/09\/Diplomatura-Superior-en-Atencion-Educacion-e-Intervencion-Temprana-del-Desarrollo-Infantil-2023.png 1414w\" sizes=\"(max-width: 212px) 100vw, 212px\" \/>Se encuentra abierta la inscripci\u00f3n a la Diplomatura Superior en Atenci\u00f3n, Educaci\u00f3n e Intervenci\u00f3n Temprana del Desarrollo Infantil 2023.<\/p>\n<p>\ud83e\uddd2\ud83c\udffbEsta propuesta educativa brinda actualizaci\u00f3n y capacitaci\u00f3n te\u00f3rica-pr\u00e1ctica de elaboraci\u00f3n y conducci\u00f3n en Atenci\u00f3n, Intervenci\u00f3n y Educaci\u00f3n Temprana del Desarrollo Infantil, para abordar el trabajo con familias de ni\u00f1os\/as de 0 a 5 a\u00f1os de edad en situaci\u00f3n de riesgo o patolog\u00eda.<\/p>\n<p>Est\u00e1 destinada a docentes y personas con t\u00edtulo af\u00edn a la atenci\u00f3n temprana. Cuenta con 600 horas de cursada, valoraci\u00f3n docente, y comienza el pr\u00f3ximo s\u00e1bado 9 de septiembre a las 8 horas, en el Aula Magna de la FHyCS.<\/p>\n<p>\ud83d\udcdd Para inscribirse se debe completar el formulario Google en el siguiente enlace: https:\/\/docs.google.com\/&#8230;\/1FAIpQLSdrHWQFF10&#8230;\/viewform&#8230;<\/p>\n<p>Para consultas sobre el arancel y el programa comunicarse al correo: diploaeitdi2023@gmail.com<\/p>\n","protected":false},"excerpt":{"rendered":"<p>Se encuentra abierta la inscripci\u00f3n a la Diplomatura Superior en Atenci\u00f3n, Educaci\u00f3n e Intervenci\u00f3n Temprana del Desarrollo Infantil 2023. \ud83e\uddd2\ud83c\udffbEsta propuesta educativa brinda actualizaci\u00f3n y capacitaci\u00f3n te\u00f3rica-pr\u00e1ctica de elaboraci\u00f3n y conducci\u00f3n en Atenci\u00f3n, Intervenci\u00f3n y Educaci\u00f3n Temprana del Desarrollo Infantil, para abordar el trabajo con familias de ni\u00f1os\/as de 0 a 5 a\u00f1os de edad [&hellip;]<\/p>\n","protected":false},"author":10,"featured_media":36427,"comment_status":"open","ping_status":"closed","sticky":false,"template":"","format":"standard","meta":{"extendify_custom_stylesheet":""},"categories":[1],"tags":[5759,5760,5],"_links":{"self":[{"href":"https:\/\/www.fhycs.unam.edu.ar\/portada\/wp-json\/wp\/v2\/posts\/36426"}],"collection":[{"href":"https:\/\/www.fhycs.unam.edu.ar\/portada\/wp-json\/wp\/v2\/posts"}],"about":[{"href":"https:\/\/www.fhycs.unam.edu.ar\/portada\/wp-json\/wp\/v2\/types\/post"}],"author":[{"embeddable":true,"href":"https:\/\/www.fhycs.unam.edu.ar\/portada\/wp-json\/wp\/v2\/users\/10"}],"replies":[{"embeddable":true,"href":"https:\/\/www.fhycs.unam.edu.ar\/portada\/wp-json\/wp\/v2\/comments?post=36426"}],"version-history":[{"count":1,"href":"https:\/\/www.fhycs.unam.edu.ar\/portada\/wp-json\/wp\/v2\/posts\/36426\/revisions"}],"predecessor-version":[{"id":36428,"href":"https:\/\/www.fhycs.unam.edu.ar\/portada\/wp-json\/wp\/v2\/posts\/36426\/revisions\/36428"}],"wp:featuredmedia":[{"embeddable":true,"href":"https:\/\/www.fhycs.unam.edu.ar\/portada\/wp-json\/wp\/v2\/media\/36427"}],"wp:attachment":[{"href":"https:\/\/www.fhycs.unam.edu.ar\/portada\/wp-json\/wp\/v2\/media?parent=36426"}],"wp:term":[{"taxonomy":"category","embeddable":true,"href":"https:\/\/www.fhycs.unam.edu.ar\/portada\/wp-json\/wp\/v2\/categories?post=36426"},{"taxonomy":"post_tag","embeddable":true,"href":"https:\/\/www.fhycs.unam.edu.ar\/portada\/wp-json\/wp\/v2\/tags?post=36426"}],"curies":[{"name":"wp","href":"https:\/\/api.w.org\/{rel}","templated":true}]}}