{"id":36479,"date":"2023-09-07T07:45:16","date_gmt":"2023-09-07T10:45:16","guid":{"rendered":"https:\/\/www.fhycs.unam.edu.ar\/portada\/?p=36479"},"modified":"2023-09-07T07:45:34","modified_gmt":"2023-09-07T10:45:34","slug":"curso-de-oratoria-y-comunicacion-en-modalidad-presencial-2","status":"publish","type":"post","link":"https:\/\/www.fhycs.unam.edu.ar\/portada\/curso-de-oratoria-y-comunicacion-en-modalidad-presencial-2\/","title":{"rendered":"Curso de Oratoria y Comunicaci\u00f3n en modalidad presencial"},"content":{"rendered":"<p><img loading=\"lazy\" class=\"size-medium wp-image-36480 alignleft\" src=\"https:\/\/www.fhycs.unam.edu.ar\/portada\/wp-content\/uploads\/2023\/09\/Flyer-Oratoria-Post-de-Facebook-Horizontal-300x251.png\" alt=\"\" width=\"300\" height=\"251\" srcset=\"https:\/\/www.fhycs.unam.edu.ar\/portada\/wp-content\/uploads\/2023\/09\/Flyer-Oratoria-Post-de-Facebook-Horizontal-300x251.png 300w, https:\/\/www.fhycs.unam.edu.ar\/portada\/wp-content\/uploads\/2023\/09\/Flyer-Oratoria-Post-de-Facebook-Horizontal-1024x858.png 1024w, https:\/\/www.fhycs.unam.edu.ar\/portada\/wp-content\/uploads\/2023\/09\/Flyer-Oratoria-Post-de-Facebook-Horizontal-768x644.png 768w, https:\/\/www.fhycs.unam.edu.ar\/portada\/wp-content\/uploads\/2023\/09\/Flyer-Oratoria-Post-de-Facebook-Horizontal.png 1175w\" sizes=\"(max-width: 300px) 100vw, 300px\" \/><\/p>\n<p>La Secretar\u00eda de Extensi\u00f3n y Vinculaci\u00f3n Tecnol\u00f3gica de la Facultad de Humanidades y Ciencias Sociales de la UNaM informa que se encuentra abierta la inscripci\u00f3n al Curso de Oratoria y Comunicaci\u00f3n, que se realizar\u00e1 en modalidad presencial en los meses de septiembre y octubre de 2023.<!--more--><\/p>\n<p>El proyecto de extensi\u00f3n (aprobado por Resol. del HCD N\u00b0 066\/18 en el marco del Programa \u201cLa Extensi\u00f3n como herramienta de inclusi\u00f3n y articulaci\u00f3n de la Universidad p\u00fablica con la regi\u00f3n\u201d) es coordinado por un equipo de profesionales formados en el campo de las Letras y el Periodismo, bajo la direcci\u00f3n del Mter. Sebasti\u00e1n Franco y la participaci\u00f3n de los profesores Marita Santos y Juan Jos\u00e9 Alcaraz.<\/p>\n<h4 style=\"text-align: right;\"><span style=\"color: #008080;\">El curso se dictar\u00e1 en seis encuentros en modalidad presencial los d\u00edas viernes 22 y 29 de septiembre; 6 y 20 de octubre y 3 de noviembre, de 20:00 a 22:00 horas, en el SUM del edificio \u201cJuan Figueredo\u201d.<\/span><\/h4>\n<p>Al culminar el recorrido los cursantes pueden optar por intervenir en el Foro de oradores con una disertaci\u00f3n de siete a diez minutos de duraci\u00f3n, sobre un tema a elecci\u00f3n de su inter\u00e9s, que ensaye alguno de los g\u00e9neros orales abordados. Tal participaci\u00f3n de car\u00e1cter optativo cuenta con el asesoramiento del equipo y acredita la aprobaci\u00f3n del curso en car\u00e1cter de instancia de trabajo final. La Facultad de Humanidades y Ciencias Sociales de la UNaM otorga certificados de asistencia a quienes participen del 80% de los encuentros.<\/p>\n<p>El curso cuenta con aranceles accesibles y bonificaciones a estudiantes y grupos familiares y\/o corporativos. Asimismo, la Secretar\u00eda de Bienestar Estudiantil otorga un cupo de 30 becas totales a estudiantes de la FHyCS que lo soliciten.<\/p>\n<p><strong>Informes:<\/strong><br \/>\nWhatsapp: +54 9 3764 71-4783<br \/>\nCorreo electr\u00f3nico: <a href=\"mailto:oratoria.fhycs@gmail.com\">oratoria.fhycs@gmail.com<\/a><br \/>\nFacebook: <a href=\"https:\/\/www.facebook.com\/oratoria.fhycs.unam\">https:\/\/www.facebook.com\/oratoria.fhycs.unam<\/a><br \/>\nInstagram: <a href=\"https:\/\/www.instagram.com\/oratoriaycom.fhycs\/\">oratoriaycom.fhycs<\/a><br \/>\nFormulario de inscripci\u00f3n: <a href=\"https:\/\/forms.gle\/P8Rjb5U25GZAq9mk7\" target=\"_blank\" rel=\"noopener\">https:\/\/forms.gle\/P8Rjb5U25GZAq9mk7<\/a><\/p>\n","protected":false},"excerpt":{"rendered":"<p>La Secretar\u00eda de Extensi\u00f3n y Vinculaci\u00f3n Tecnol\u00f3gica de la Facultad de Humanidades y Ciencias Sociales de la UNaM informa que se encuentra abierta la inscripci\u00f3n al Curso de Oratoria y Comunicaci\u00f3n, que se realizar\u00e1 en modalidad presencial en los meses de septiembre y octubre de 2023.<\/p>\n","protected":false},"author":10,"featured_media":36480,"comment_status":"open","ping_status":"closed","sticky":false,"template":"","format":"standard","meta":{"extendify_custom_stylesheet":""},"categories":[35],"tags":[5766,5668,5],"_links":{"self":[{"href":"https:\/\/www.fhycs.unam.edu.ar\/portada\/wp-json\/wp\/v2\/posts\/36479"}],"collection":[{"href":"https:\/\/www.fhycs.unam.edu.ar\/portada\/wp-json\/wp\/v2\/posts"}],"about":[{"href":"https:\/\/www.fhycs.unam.edu.ar\/portada\/wp-json\/wp\/v2\/types\/post"}],"author":[{"embeddable":true,"href":"https:\/\/www.fhycs.unam.edu.ar\/portada\/wp-json\/wp\/v2\/users\/10"}],"replies":[{"embeddable":true,"href":"https:\/\/www.fhycs.unam.edu.ar\/portada\/wp-json\/wp\/v2\/comments?post=36479"}],"version-history":[{"count":1,"href":"https:\/\/www.fhycs.unam.edu.ar\/portada\/wp-json\/wp\/v2\/posts\/36479\/revisions"}],"predecessor-version":[{"id":36481,"href":"https:\/\/www.fhycs.unam.edu.ar\/portada\/wp-json\/wp\/v2\/posts\/36479\/revisions\/36481"}],"wp:featuredmedia":[{"embeddable":true,"href":"https:\/\/www.fhycs.unam.edu.ar\/portada\/wp-json\/wp\/v2\/media\/36480"}],"wp:attachment":[{"href":"https:\/\/www.fhycs.unam.edu.ar\/portada\/wp-json\/wp\/v2\/media?parent=36479"}],"wp:term":[{"taxonomy":"category","embeddable":true,"href":"https:\/\/www.fhycs.unam.edu.ar\/portada\/wp-json\/wp\/v2\/categories?post=36479"},{"taxonomy":"post_tag","embeddable":true,"href":"https:\/\/www.fhycs.unam.edu.ar\/portada\/wp-json\/wp\/v2\/tags?post=36479"}],"curies":[{"name":"wp","href":"https:\/\/api.w.org\/{rel}","templated":true}]}}