{"id":36493,"date":"2023-09-11T13:37:12","date_gmt":"2023-09-11T16:37:12","guid":{"rendered":"https:\/\/www.fhycs.unam.edu.ar\/portada\/?p=36493"},"modified":"2024-04-08T11:11:12","modified_gmt":"2024-04-08T14:11:12","slug":"talleres-del-patfes-para-estudiantes-en-el-segundo-cuatrimestre","status":"publish","type":"post","link":"https:\/\/www.fhycs.unam.edu.ar\/portada\/talleres-del-patfes-para-estudiantes-en-el-segundo-cuatrimestre\/","title":{"rendered":"Talleres del PATFEs para ESTUDIANTES. Segundo cuatrimestre"},"content":{"rendered":"<p><img loading=\"lazy\" class=\"aligncenter size-medium wp-image-36495\" src=\"https:\/\/www.fhycs.unam.edu.ar\/portada\/wp-content\/uploads\/2023\/09\/Talleres-2do-cuatrim-2023-b-300x300.jpg\" alt=\"\" width=\"300\" height=\"300\" srcset=\"https:\/\/www.fhycs.unam.edu.ar\/portada\/wp-content\/uploads\/2023\/09\/Talleres-2do-cuatrim-2023-b-300x300.jpg 300w, https:\/\/www.fhycs.unam.edu.ar\/portada\/wp-content\/uploads\/2023\/09\/Talleres-2do-cuatrim-2023-b-1024x1024.jpg 1024w, https:\/\/www.fhycs.unam.edu.ar\/portada\/wp-content\/uploads\/2023\/09\/Talleres-2do-cuatrim-2023-b-150x150.jpg 150w, https:\/\/www.fhycs.unam.edu.ar\/portada\/wp-content\/uploads\/2023\/09\/Talleres-2do-cuatrim-2023-b-768x768.jpg 768w, https:\/\/www.fhycs.unam.edu.ar\/portada\/wp-content\/uploads\/2023\/09\/Talleres-2do-cuatrim-2023-b.jpg 1080w\" sizes=\"(max-width: 300px) 100vw, 300px\" \/><\/p>\n<p>Durante el segundo cuatrimestre, en el marco de las actividades de acompa\u00f1amiento a las y los estudiantes, el PATFEs contin\u00faa con propuestas de diversos talleres, destinados principalmente a quienes cursan el primero y segundo a\u00f1o de carreras en la facultad.<\/p>\n<p>Estos talleres se plantean como espacios de di\u00e1logo, reflexi\u00f3n, revisi\u00f3n, y construcci\u00f3n de herramientas que acompa\u00f1en y faciliten los procesos de estudio y de producci\u00f3n discursiva que desarrollan las y los estudiantes al transitar las carreras que cursan.<\/p>\n<p>Las actividades son organizados por peque\u00f1os equipos conformados por docentes y tutores pares, seg\u00fan las tem\u00e1ticas y herramientas abordadas. Los talleres que tendr\u00e1n lugar pr\u00f3ximamente son estos:<\/p>\n<p>&nbsp;<\/p>\n<h3>&#8211; <strong>Herramientas de estudio para rendir ex\u00e1menes<\/strong>.<\/h3>\n<h3>&#8211; <strong>Optimizaci\u00f3n del tiempo de estudio<\/strong>.<\/h3>\n<h3>&#8211; <strong>Oratoria para rendir ex\u00e1menes<\/strong>.<\/h3>\n<p>Con el correr del cuatrimestre habr\u00e1 nuevas propuestas y se replicar\u00e1n algunas que ya tuvieron lugar en el primer cuatrimestre. La informaci\u00f3n sobre inscripci\u00f3n, lugar y horario de encuentro y dem\u00e1s detalles se compartir\u00e1n por este medio y por las redes sociales del PATFES.<\/p>\n<h3><strong>Para contactar con el PATFEs:<\/strong><\/h3>\n<p>Correo: patfes@fhycs.unam.edu.ar \u2013\u00a0Whatsapp: 3764837146<\/p>\n<p><a href=\"https:\/\/www.facebook.com\/profile.php?id=100068563728385\">Facebook<\/a><\/p>\n<p><a href=\"https:\/\/www.instagram.com\/patfes.humanidades\">Instagram<\/a><\/p>\n","protected":false},"excerpt":{"rendered":"<p>Durante el segundo cuatrimestre, en el marco de las actividades de acompa\u00f1amiento a las y los estudiantes, el PATFEs contin\u00faa con propuestas de diversos talleres, destinados principalmente a quienes cursan el primero y segundo a\u00f1o de carreras en la facultad. Estos talleres se plantean como espacios de di\u00e1logo, reflexi\u00f3n, revisi\u00f3n, y construcci\u00f3n de herramientas que [&hellip;]<\/p>\n","protected":false},"author":28,"featured_media":36494,"comment_status":"open","ping_status":"closed","sticky":false,"template":"","format":"standard","meta":{"extendify_custom_stylesheet":""},"categories":[753,2581,1887,950,5614,121],"tags":[],"_links":{"self":[{"href":"https:\/\/www.fhycs.unam.edu.ar\/portada\/wp-json\/wp\/v2\/posts\/36493"}],"collection":[{"href":"https:\/\/www.fhycs.unam.edu.ar\/portada\/wp-json\/wp\/v2\/posts"}],"about":[{"href":"https:\/\/www.fhycs.unam.edu.ar\/portada\/wp-json\/wp\/v2\/types\/post"}],"author":[{"embeddable":true,"href":"https:\/\/www.fhycs.unam.edu.ar\/portada\/wp-json\/wp\/v2\/users\/28"}],"replies":[{"embeddable":true,"href":"https:\/\/www.fhycs.unam.edu.ar\/portada\/wp-json\/wp\/v2\/comments?post=36493"}],"version-history":[{"count":3,"href":"https:\/\/www.fhycs.unam.edu.ar\/portada\/wp-json\/wp\/v2\/posts\/36493\/revisions"}],"predecessor-version":[{"id":36499,"href":"https:\/\/www.fhycs.unam.edu.ar\/portada\/wp-json\/wp\/v2\/posts\/36493\/revisions\/36499"}],"wp:featuredmedia":[{"embeddable":true,"href":"https:\/\/www.fhycs.unam.edu.ar\/portada\/wp-json\/wp\/v2\/media\/36494"}],"wp:attachment":[{"href":"https:\/\/www.fhycs.unam.edu.ar\/portada\/wp-json\/wp\/v2\/media?parent=36493"}],"wp:term":[{"taxonomy":"category","embeddable":true,"href":"https:\/\/www.fhycs.unam.edu.ar\/portada\/wp-json\/wp\/v2\/categories?post=36493"},{"taxonomy":"post_tag","embeddable":true,"href":"https:\/\/www.fhycs.unam.edu.ar\/portada\/wp-json\/wp\/v2\/tags?post=36493"}],"curies":[{"name":"wp","href":"https:\/\/api.w.org\/{rel}","templated":true}]}}