{"id":36508,"date":"2023-09-12T07:29:02","date_gmt":"2023-09-12T10:29:02","guid":{"rendered":"https:\/\/www.fhycs.unam.edu.ar\/portada\/?p=36508"},"modified":"2023-09-18T10:00:40","modified_gmt":"2023-09-18T13:00:40","slug":"dialogos-interdisciplinares-e-transfronteiricos-pela-efetivacao-da-agenda-2030","status":"publish","type":"post","link":"https:\/\/www.fhycs.unam.edu.ar\/portada\/dialogos-interdisciplinares-e-transfronteiricos-pela-efetivacao-da-agenda-2030\/","title":{"rendered":"Di\u00e1logos interdisciplinares e transfronteiri\u00e7os pela efetiva\u00e7\u00e3o da Agenda 2030"},"content":{"rendered":"<p><img loading=\"lazy\" class=\"size-medium wp-image-36509 alignleft\" src=\"https:\/\/www.fhycs.unam.edu.ar\/portada\/wp-content\/uploads\/2023\/09\/dialogos-2030-300x300.jpeg\" alt=\"\" width=\"300\" height=\"300\" srcset=\"https:\/\/www.fhycs.unam.edu.ar\/portada\/wp-content\/uploads\/2023\/09\/dialogos-2030-300x300.jpeg 300w, https:\/\/www.fhycs.unam.edu.ar\/portada\/wp-content\/uploads\/2023\/09\/dialogos-2030-150x150.jpeg 150w, https:\/\/www.fhycs.unam.edu.ar\/portada\/wp-content\/uploads\/2023\/09\/dialogos-2030-768x769.jpeg 768w, https:\/\/www.fhycs.unam.edu.ar\/portada\/wp-content\/uploads\/2023\/09\/dialogos-2030.jpeg 947w\" sizes=\"(max-width: 300px) 100vw, 300px\" \/><\/p>\n<div class=\"elementor-element elementor-element-68d65a5 elementor-widget elementor-widget-woocommerce-product-title elementor-page-title elementor-widget-heading\" data-id=\"68d65a5\" data-element_type=\"widget\" data-widget_type=\"woocommerce-product-title.default\">\n<div class=\"elementor-widget-container\">\n<h4 class=\"product_title entry-title elementor-heading-title elementor-size-default\">Di\u00e1logos interdisciplinares e transfronteiri\u00e7os pela efetiva\u00e7\u00e3o da Agenda 2030<\/h4>\n<\/div>\n<\/div>\n<div class=\"elementor-element elementor-element-15205c2c elementor-widget elementor-widget-woocommerce-product-short-description\" data-id=\"15205c2c\" data-element_type=\"widget\" data-widget_type=\"woocommerce-product-short-description.default\">\n<div class=\"elementor-widget-container\">\n<div class=\"woocommerce-product-details__short-description\">\n<p>Anna Paula Bagetti Zeifert<br \/>\nMaria Aparecida Lucca Caovilla<br \/>\nDiana Mabel Arellano<br \/>\nDaniel Rubens Cenci<\/p>\n<\/div>\n<\/div>\n<\/div>\n<p>Leer y descargar el <a href=\"https:\/\/drive.google.com\/file\/d\/1YSuNClC7ZrxHjqyjg2SpxUNi9G7t0nJM\/view?usp=drive_link\" target=\"_blank\" rel=\"noopener\">LIBRO COMPLETO<\/a><!--more--><\/p>\n<p>Esta publicaci\u00f3n presenta el trabajo realizado por la Red Interinstitucional de Posgrados de la Regi\u00f3n de Frontera por la Agenda 2030 de la que forman parte la Maestr\u00eda en Gesti\u00f3n del Desarrollo Socio Territorial (FHyCS-UNaM); el Doctorado en Integraci\u00f3n Regional (UGD), el Programa de Posgraduacao em Direitos Humanos (UNIJUI) y el Programa de Posgrado Stritu Sensu (UNOCHAPECO).<\/p>\n","protected":false},"excerpt":{"rendered":"<p>Di\u00e1logos interdisciplinares e transfronteiri\u00e7os pela efetiva\u00e7\u00e3o da Agenda 2030 Anna Paula Bagetti Zeifert Maria Aparecida Lucca Caovilla Diana Mabel Arellano Daniel Rubens Cenci Leer y descargar el LIBRO COMPLETO<\/p>\n","protected":false},"author":10,"featured_media":36509,"comment_status":"open","ping_status":"closed","sticky":false,"template":"","format":"standard","meta":{"extendify_custom_stylesheet":""},"categories":[1],"tags":[5769],"_links":{"self":[{"href":"https:\/\/www.fhycs.unam.edu.ar\/portada\/wp-json\/wp\/v2\/posts\/36508"}],"collection":[{"href":"https:\/\/www.fhycs.unam.edu.ar\/portada\/wp-json\/wp\/v2\/posts"}],"about":[{"href":"https:\/\/www.fhycs.unam.edu.ar\/portada\/wp-json\/wp\/v2\/types\/post"}],"author":[{"embeddable":true,"href":"https:\/\/www.fhycs.unam.edu.ar\/portada\/wp-json\/wp\/v2\/users\/10"}],"replies":[{"embeddable":true,"href":"https:\/\/www.fhycs.unam.edu.ar\/portada\/wp-json\/wp\/v2\/comments?post=36508"}],"version-history":[{"count":2,"href":"https:\/\/www.fhycs.unam.edu.ar\/portada\/wp-json\/wp\/v2\/posts\/36508\/revisions"}],"predecessor-version":[{"id":36514,"href":"https:\/\/www.fhycs.unam.edu.ar\/portada\/wp-json\/wp\/v2\/posts\/36508\/revisions\/36514"}],"wp:featuredmedia":[{"embeddable":true,"href":"https:\/\/www.fhycs.unam.edu.ar\/portada\/wp-json\/wp\/v2\/media\/36509"}],"wp:attachment":[{"href":"https:\/\/www.fhycs.unam.edu.ar\/portada\/wp-json\/wp\/v2\/media?parent=36508"}],"wp:term":[{"taxonomy":"category","embeddable":true,"href":"https:\/\/www.fhycs.unam.edu.ar\/portada\/wp-json\/wp\/v2\/categories?post=36508"},{"taxonomy":"post_tag","embeddable":true,"href":"https:\/\/www.fhycs.unam.edu.ar\/portada\/wp-json\/wp\/v2\/tags?post=36508"}],"curies":[{"name":"wp","href":"https:\/\/api.w.org\/{rel}","templated":true}]}}