{"id":36515,"date":"2023-09-13T19:46:50","date_gmt":"2023-09-13T22:46:50","guid":{"rendered":"https:\/\/www.fhycs.unam.edu.ar\/portada\/?p=36515"},"modified":"2024-04-08T10:05:16","modified_gmt":"2024-04-08T13:05:16","slug":"llamado-a-concursos-docentes-2","status":"publish","type":"post","link":"https:\/\/www.fhycs.unam.edu.ar\/portada\/llamado-a-concursos-docentes-2\/","title":{"rendered":"Llamado a Concursos Docentes"},"content":{"rendered":"<p><strong>LA FACULTAD DE HUMANIDADES Y CIENCIAS SOCIALES DE LA U.N<\/strong><strong>a<\/strong><strong>.M.<\/strong><\/p>\n<p><strong>LLAMA A CONCURSOS P\u00daBLICOS Y ABIERTOS, DE ANTECEDENTES Y OPOSICI\u00d3N PARA LA COBERTURA DE CARGOS DOCENTES<\/strong><\/p>\n<table>\n<tbody>\n<tr>\n<td width=\"45\"><strong>N\u00b0<\/strong><\/td>\n<td width=\"161\"><strong>CARGO<\/strong><\/td>\n<td width=\"163\"><strong>ASIGNATURA<\/strong><\/td>\n<td width=\"128\">\n<h3>CARRERA<\/h3>\n<\/td>\n<td width=\"122\">\n<h3>PLAZO DE INSCRIPCI\u00d3N<\/h3>\n<\/td>\n<\/tr>\n<tr>\n<td width=\"45\"><strong>\u00a0<\/strong><\/p>\n<p><strong>1<\/strong><\/td>\n<td width=\"161\"><strong>\u00a0<\/strong><\/p>\n<p><strong>JEFE DE TRABAJOS PRACTICOS <\/strong><\/p>\n<p>Dedicaci\u00f3n Simple<\/p>\n<p>(1 cargo)<\/td>\n<td width=\"163\"><strong>\u00a0<\/strong><\/p>\n<p><strong>DIDACTICA DELA MATEMATICA (Anual)<\/strong><\/p>\n<p><a href=\"https:\/\/www.fhycs.unam.edu.ar\/portada\/wp-content\/uploads\/2023\/09\/RESO-255-23-DIDACTICA-DE-LA-MATEMATICA-JTP_0001.pdf\" target=\"_blank\" rel=\"noopener\"><strong>Resoluci\u00f3n C.D. N\u00ba\u00a0 255\/23<\/strong><\/a><\/td>\n<td width=\"128\">\u00b7\u00a0 Profesorado en Educaci\u00f3n Especial<\/td>\n<td width=\"122\">\n<h3>Desde: 11\/09\/2023<\/h3>\n<h3>Hasta: 29\/09\/2023<\/h3>\n<\/td>\n<\/tr>\n<tr>\n<td width=\"45\"><strong>\u00a0<\/strong><\/p>\n<p><strong>2<\/strong><\/td>\n<td width=\"161\"><strong>PROFESOR TITULAR<\/strong><\/p>\n<p>Dedicaci\u00f3n Simple<\/p>\n<p>(1 cargo)<\/td>\n<td width=\"163\"><strong>DIDACTICA DELA MATEMATICA (Anual)<\/strong><\/p>\n<p><a href=\"https:\/\/www.fhycs.unam.edu.ar\/portada\/wp-content\/uploads\/2023\/09\/RESO-256-23-DIDACITCA-DE-LA-MATEMATICA-PROF-TITULAR_0001.pdf\"><strong>Resoluci\u00f3n C.D. N\u00ba\u00a0 256\/23 <\/strong><\/a><\/td>\n<td width=\"128\">\u00b7\u00a0 Profesorado en Educaci\u00f3n Especial<\/td>\n<td width=\"122\">\n<h3>Desde: 13\/09\/2023<\/h3>\n<h3>Hasta: 03\/10\/2023<\/h3>\n<\/td>\n<\/tr>\n<tr>\n<td width=\"45\"><strong>\u00a0<\/strong><\/p>\n<p><strong>3<\/strong><\/td>\n<td width=\"161\"><strong>\u00a0<\/strong><\/p>\n<p><strong>JEFE DE TRABAJOS PRACTICOS <\/strong><\/p>\n<p>Dedicaci\u00f3n Simple<\/p>\n<p>(1 cargo)<\/td>\n<td width=\"163\"><strong>SERVICIOS TURISTICOS III (Anual)<\/strong><\/p>\n<p><a href=\"https:\/\/www.fhycs.unam.edu.ar\/portada\/wp-content\/uploads\/2023\/09\/RESO-258-23-SERVICIOS-TURISTICOS-III-JTP_0001.pdf\"><strong>Resoluci\u00f3n C.D. N\u00ba\u00a0 258\/23 <\/strong><\/a><\/td>\n<td width=\"128\">\u00b7\u00a0 Licenciatura en Turismo<\/td>\n<td width=\"122\">\n<h3>Desde: 15\/09\/2023<\/h3>\n<h3>Hasta: 05\/10\/2023<\/h3>\n<\/td>\n<\/tr>\n<tr>\n<td width=\"45\"><strong>\u00a0<\/strong><\/p>\n<p><strong>\u00a0<\/strong><\/p>\n<p><strong>4<\/strong><\/td>\n<td width=\"161\"><strong>PROFESOR TITULAR<\/strong><\/p>\n<p>Dedicaci\u00f3n Simple<\/p>\n<p>(1 cargo)<\/td>\n<td width=\"163\"><strong>PLANIFICACION TURISTICA (Anual)\u00a0 <\/strong>con afectaci\u00f3n a<strong> RELEVAMIENTO DE PRODUCTOS POTENCIALES (Cuatrimestral) <\/strong>y <strong>TALLER DE INVESTIGACION DE RECURSOS TURISTICOS (Cuatrimestral)<\/strong><\/p>\n<p><a href=\"https:\/\/www.fhycs.unam.edu.ar\/portada\/wp-content\/uploads\/2023\/09\/RESO257-23-PLANIFICACION-TURISTICA-PROF-TITULAR_0001.pdf\"><strong>Resoluci\u00f3n C.D. N\u00ba\u00a0 257\/23 <\/strong><\/a><\/td>\n<td width=\"128\">\u00b7\u00a0 Licenciatura en Turismo<\/td>\n<td width=\"122\">\n<h3>Desde: 19\/09\/2023<\/h3>\n<h3>Hasta: 09\/10\/2023<\/h3>\n<\/td>\n<\/tr>\n<\/tbody>\n<\/table>\n<p><strong>INFORMES E INSCRIPCI\u00d3N PRESENCIALES<\/strong>: \u00c1rea de Concursos Docentes \u2013 Secretar\u00eda Acad\u00e9mica Adjunta, 1er Piso &#8211; Facultad de Humanidades y Ciencias Sociales &#8211; U.Na.M. &#8211; Calle Tucum\u00e1n N\u00ba 1946 \u2013 Posadas &#8211; Misiones.<\/p>\n<p><strong>CONSULTAS AL CORREO ELECTR\u00d3NICO<\/strong>: <a href=\"mailto:concursosdocentes@fhycs.unam.edu.ar\">concursosdocentes@fhycs.unam.edu.ar<\/a><\/p>\n<p><strong>HORARIO DE INFORMES E <\/strong>\u00a0<strong>INSCRIPCI\u00d3N PRESENCIALES<\/strong>: Lunes a Viernes de 07:00 a 11:00 hs.<\/p>\n<p><strong>REQUISITOS<\/strong>: Poseer T\u00edtulo de Grado Universitario; Acreditar Formaci\u00f3n y labor en Docencia Universitaria, de acuerdo al cargo concursado (Art\u00edculos 9\u00ba al 11\u00ba de la Ordenanza CS N\u00ba 082\/17 y Art\u00edculo 5\u00ba, de la Ordenanza CS N\u00ba 084\/21) y requisitos de Perfil, estipulados en cada llamado a concurso.<\/p>\n<p>P\u00e1gina Web http\/\/www.fhycs.unam.edu.ar \u2013 T.E. 4434344 \u2013 Interno 112.<\/p>\n","protected":false},"excerpt":{"rendered":"<p>LA FACULTAD DE HUMANIDADES Y CIENCIAS SOCIALES DE LA U.Na.M. LLAMA A CONCURSOS P\u00daBLICOS Y ABIERTOS, DE ANTECEDENTES Y OPOSICI\u00d3N PARA LA COBERTURA DE CARGOS DOCENTES N\u00b0 CARGO ASIGNATURA CARRERA PLAZO DE INSCRIPCI\u00d3N \u00a0 1 \u00a0 JEFE DE TRABAJOS PRACTICOS Dedicaci\u00f3n Simple (1 cargo) \u00a0 DIDACTICA DELA MATEMATICA (Anual) Resoluci\u00f3n C.D. N\u00ba\u00a0 255\/23 \u00b7\u00a0 Profesorado [&hellip;]<\/p>\n","protected":false},"author":10,"featured_media":18316,"comment_status":"open","ping_status":"closed","sticky":false,"template":"","format":"standard","meta":{"extendify_custom_stylesheet":""},"categories":[1],"tags":[5770],"_links":{"self":[{"href":"https:\/\/www.fhycs.unam.edu.ar\/portada\/wp-json\/wp\/v2\/posts\/36515"}],"collection":[{"href":"https:\/\/www.fhycs.unam.edu.ar\/portada\/wp-json\/wp\/v2\/posts"}],"about":[{"href":"https:\/\/www.fhycs.unam.edu.ar\/portada\/wp-json\/wp\/v2\/types\/post"}],"author":[{"embeddable":true,"href":"https:\/\/www.fhycs.unam.edu.ar\/portada\/wp-json\/wp\/v2\/users\/10"}],"replies":[{"embeddable":true,"href":"https:\/\/www.fhycs.unam.edu.ar\/portada\/wp-json\/wp\/v2\/comments?post=36515"}],"version-history":[{"count":1,"href":"https:\/\/www.fhycs.unam.edu.ar\/portada\/wp-json\/wp\/v2\/posts\/36515\/revisions"}],"predecessor-version":[{"id":36520,"href":"https:\/\/www.fhycs.unam.edu.ar\/portada\/wp-json\/wp\/v2\/posts\/36515\/revisions\/36520"}],"wp:featuredmedia":[{"embeddable":true,"href":"https:\/\/www.fhycs.unam.edu.ar\/portada\/wp-json\/wp\/v2\/media\/18316"}],"wp:attachment":[{"href":"https:\/\/www.fhycs.unam.edu.ar\/portada\/wp-json\/wp\/v2\/media?parent=36515"}],"wp:term":[{"taxonomy":"category","embeddable":true,"href":"https:\/\/www.fhycs.unam.edu.ar\/portada\/wp-json\/wp\/v2\/categories?post=36515"},{"taxonomy":"post_tag","embeddable":true,"href":"https:\/\/www.fhycs.unam.edu.ar\/portada\/wp-json\/wp\/v2\/tags?post=36515"}],"curies":[{"name":"wp","href":"https:\/\/api.w.org\/{rel}","templated":true}]}}